{"id":589433,"date":"2025-12-09T23:11:27","date_gmt":"2025-12-09T23:11:27","guid":{"rendered":"https:\/\/www.europesays.com\/fr\/589433\/"},"modified":"2025-12-09T23:11:27","modified_gmt":"2025-12-09T23:11:27","slug":"unieux-le-futur-visage-du-quartier-de-val-ronziere-se-precise","status":"publish","type":"post","link":"https:\/\/www.europesays.com\/fr\/589433\/","title":{"rendered":"Unieux. Le futur visage du quartier de Val Ronzi\u00e8re se pr\u00e9cise"},"content":{"rendered":"<p>Lors du conseil du quartier de Val Ronzi\u00e8re, mercredi 3\u00a0d\u00e9cembre, la municipalit\u00e9 en la personne du maire, Christophe Faverjon et celle de Manuel De-Sa, adjoint, pr\u00e9sente les diff\u00e9rents projets qui vont contribuer \u00e0 moderniser Unieux, en expliquant plus pr\u00e9cis\u00e9ment ce qui concerne les habitants du quartier.<\/p>\n<p>Les projets sur val ronziere<\/p>\n<p>Si cette ann\u00e9e le grand projet de transformation urbaine porte sur C\u00f4te Quart, le quartier de Val Ronzi\u00e8re va aussi conna\u00eetre un profond projet de r\u00e9novation, port\u00e9 par Loire Habitat, et qui sera pr\u00e9sent\u00e9&#8230;<\/p>\n","protected":false},"excerpt":{"rendered":"Lors du conseil du quartier de Val Ronzi\u00e8re, mercredi 3\u00a0d\u00e9cembre, la municipalit\u00e9 en la personne du maire, Christophe&hellip;\n","protected":false},"author":2,"featured_media":589434,"comment_status":"","ping_status":"","sticky":false,"template":"","format":"standard","meta":{"footnotes":""},"categories":[9653],"tags":[1111,11,2430,7539,1777,674,1011,27,12,25,4001,104,14024,14025],"class_list":{"0":"post-589433","1":"post","2":"type-post","3":"status-publish","4":"format-standard","5":"has-post-thumbnail","7":"category-saint-etienne","8":"tag-actu","9":"tag-actualites","10":"tag-auvergne-rhone-alpes","11":"tag-edition-loire-sud","12":"tag-eu","13":"tag-europe","14":"tag-fr","15":"tag-france","16":"tag-news","17":"tag-republique-francaise","18":"tag-saint-etienne","19":"tag-societe","20":"tag-unieux","21":"tag-unieux-bassin"},"share_on_mastodon":{"url":"https:\/\/pubeurope.com\/@fr\/115692141595418590","error":""},"_links":{"self":[{"href":"https:\/\/www.europesays.com\/fr\/wp-json\/wp\/v2\/posts\/589433","targetHints":{"allow":["GET"]}}],"collection":[{"href":"https:\/\/www.europesays.com\/fr\/wp-json\/wp\/v2\/posts"}],"about":[{"href":"https:\/\/www.europesays.com\/fr\/wp-json\/wp\/v2\/types\/post"}],"author":[{"embeddable":true,"href":"https:\/\/www.europesays.com\/fr\/wp-json\/wp\/v2\/users\/2"}],"replies":[{"embeddable":true,"href":"https:\/\/www.europesays.com\/fr\/wp-json\/wp\/v2\/comments?post=589433"}],"version-history":[{"count":0,"href":"https:\/\/www.europesays.com\/fr\/wp-json\/wp\/v2\/posts\/589433\/revisions"}],"wp:featuredmedia":[{"embeddable":true,"href":"https:\/\/www.europesays.com\/fr\/wp-json\/wp\/v2\/media\/589434"}],"wp:attachment":[{"href":"https:\/\/www.europesays.com\/fr\/wp-json\/wp\/v2\/media?parent=589433"}],"wp:term":[{"taxonomy":"category","embeddable":true,"href":"https:\/\/www.europesays.com\/fr\/wp-json\/wp\/v2\/categories?post=589433"},{"taxonomy":"post_tag","embeddable":true,"href":"https:\/\/www.europesays.com\/fr\/wp-json\/wp\/v2\/tags?post=589433"}],"curies":[{"name":"wp","href":"https:\/\/api.w.org\/{rel}","templated":true}]}}