{"id":589435,"date":"2025-12-09T23:12:19","date_gmt":"2025-12-09T23:12:19","guid":{"rendered":"https:\/\/www.europesays.com\/fr\/589435\/"},"modified":"2025-12-09T23:12:19","modified_gmt":"2025-12-09T23:12:19","slug":"de-marc-chassaubene-a-jean-pierre-berger-le-recit-dun-revirement","status":"publish","type":"post","link":"https:\/\/www.europesays.com\/fr\/589435\/","title":{"rendered":"de Marc Chassaub\u00e9n\u00e9 \u00e0 Jean-Pierre Berger, le r\u00e9cit d\u2019un revirement"},"content":{"rendered":"<p>La majorit\u00e9 municipale a senti le vent du boulet qui aurait bien pu la faire exploser lors de l\u2019\u00e9lection du nouveau maire de Saint-Etienne, qui se d\u00e9roulera ce jeudi \u00e0 14\u00a0h\u00a030. Tout a commenc\u00e9 le lundi 1er\u00a0d\u00e9cembre.<\/p>\n<p>En fin de journ\u00e9e, les \u00e9lus, alors sous le coup de la condamnation de <a href=\"https:\/\/www.leprogres.fr\/p\/gael-perdriau\" target=\"_blank\" rel=\"noopener\">Ga\u00ebl Perdriau<\/a> intervenue le matin m\u00eame, se r\u00e9unissent pour d\u00e9signer qui sera le plus \u00e0 m\u00eame d\u2019occuper la fonction.<\/p>\n<p>D\u2019apr\u00e8s nos informations, les d\u00e9bats sont vifs entre ceux qui, comme Ga\u00ebl Perdriau, pr\u00e9sent au cours de cette r\u00e9union, sugg\u00e8rent Marc Chassaub\u00e9n\u00e9 pour lui succ\u00e9der et les partisans du premier adjoint Jean-Pierre Berger, au premier rang desquels se trouve Siham Labich, deuxi\u00e8me adjointe en charge de la politique de la Ville.<\/p>\n<p>Le vote serr\u00e9 et \u00e0 bulletin secret d\u00e9signe finalement Marc Chassaub\u00e9n\u00e9, qui devance Jean-Pierre Berger de seulement deux voix (17 contre 15). Mais 12 \u00e9lus en col\u00e8re ne d\u00e9sarment pas\u00a0: ils veulent que Jean-Pierre Berger soit&#8230;<\/p>\n","protected":false},"excerpt":{"rendered":"La majorit\u00e9 municipale a senti le vent du boulet qui aurait bien pu la faire exploser lors de&hellip;\n","protected":false},"author":2,"featured_media":589436,"comment_status":"","ping_status":"","sticky":false,"template":"","format":"standard","meta":{"footnotes":""},"categories":[9653],"tags":[1111,11,42797,2430,1984,7539,4188,1777,674,107,1011,27,3367,12,316,25,4001,7538],"class_list":{"0":"post-589435","1":"post","2":"type-post","3":"status-publish","4":"format-standard","5":"has-post-thumbnail","7":"category-saint-etienne","8":"tag-actu","9":"tag-actualites","10":"tag-affaire-perdriau","11":"tag-auvergne-rhone-alpes","12":"tag-conseil-municipal","13":"tag-edition-loire-sud","14":"tag-elections-municipales","15":"tag-eu","16":"tag-europe","17":"tag-fil-info","18":"tag-fr","19":"tag-france","20":"tag-loire","21":"tag-news","22":"tag-politique","23":"tag-republique-francaise","24":"tag-saint-etienne","25":"tag-saint-etienne-ville"},"share_on_mastodon":{"url":"https:\/\/pubeurope.com\/@fr\/115692145459573535","error":""},"_links":{"self":[{"href":"https:\/\/www.europesays.com\/fr\/wp-json\/wp\/v2\/posts\/589435","targetHints":{"allow":["GET"]}}],"collection":[{"href":"https:\/\/www.europesays.com\/fr\/wp-json\/wp\/v2\/posts"}],"about":[{"href":"https:\/\/www.europesays.com\/fr\/wp-json\/wp\/v2\/types\/post"}],"author":[{"embeddable":true,"href":"https:\/\/www.europesays.com\/fr\/wp-json\/wp\/v2\/users\/2"}],"replies":[{"embeddable":true,"href":"https:\/\/www.europesays.com\/fr\/wp-json\/wp\/v2\/comments?post=589435"}],"version-history":[{"count":0,"href":"https:\/\/www.europesays.com\/fr\/wp-json\/wp\/v2\/posts\/589435\/revisions"}],"wp:featuredmedia":[{"embeddable":true,"href":"https:\/\/www.europesays.com\/fr\/wp-json\/wp\/v2\/media\/589436"}],"wp:attachment":[{"href":"https:\/\/www.europesays.com\/fr\/wp-json\/wp\/v2\/media?parent=589435"}],"wp:term":[{"taxonomy":"category","embeddable":true,"href":"https:\/\/www.europesays.com\/fr\/wp-json\/wp\/v2\/categories?post=589435"},{"taxonomy":"post_tag","embeddable":true,"href":"https:\/\/www.europesays.com\/fr\/wp-json\/wp\/v2\/tags?post=589435"}],"curies":[{"name":"wp","href":"https:\/\/api.w.org\/{rel}","templated":true}]}}