{"id":58944,"date":"2025-04-28T09:54:11","date_gmt":"2025-04-28T09:54:11","guid":{"rendered":"https:\/\/www.europesays.com\/fr\/58944\/"},"modified":"2025-04-28T09:54:11","modified_gmt":"2025-04-28T09:54:11","slug":"audiences-tv-antoinette-dans-les-cevennes-large-leader-sur-france-2","status":"publish","type":"post","link":"https:\/\/www.europesays.com\/fr\/58944\/","title":{"rendered":"Audiences TV\u00a0: \u00ab\u00a0Antoinette dans les C\u00e9vennes\u00a0\u00bb large leader sur France\u00a02"},"content":{"rendered":"<p class=\"paragraph text_align_left\">Laure Calamy emporte tout sur son passage. Dimanche soir, France\u00a02 s\u2019est hiss\u00e9e en t\u00eate des audiences avec \u00ab\u00a0Antoinette dans les C\u00e9vennes\u00a0\u00bb. La com\u00e9die de Caroline Vignal a \u00e9mu 3,45\u00a0millions de cin\u00e9philes selon M\u00e9diam\u00e9trie, ce qui repr\u00e9sente<b> <\/b>19,2\u00a0% de l\u2019ensemble du public. Lors de sa premi\u00e8re diffusion en clair, en mai\u00a02023, le long-m\u00e9trage avait rassembl\u00e9 <a href=\"https:\/\/www.leparisien.fr\/culture-loisirs\/tv\/audiences-tv-antoinette-dans-les-cevennes-sur-france-2-bat-sechement-fast-furious-sur-tf-1-22-05-2023-CGGUFPKPFBECRE54GYUCI2DNSY.php\" target=\"_blank\" rel=\"nofollow noopener\">5,28\u00a0millions de t\u00e9l\u00e9spectateurs<\/a> et 27,4\u00a0% du public.<\/p>\n<p class=\"paragraph text_align_left\">France\u00a03 est deuxi\u00e8me avec deux nouveaux \u00e9pisodes de la s\u00e9rie britannique \u00ab\u00a0Myst\u00e8res au paradis\u00a0\u00bb. Les enqu\u00eates de l\u2019inspecteur Goodman (Kris Marshall), ont intrigu\u00e9 en moyenne 2,75\u00a0millions de fans, soit 15,8\u00a0% de part d\u2019audience (PDA). La semaine derni\u00e8re, la fiction avait s\u00e9duit 2,59\u00a0millions de t\u00e9l\u00e9spectateurs (14,6\u00a0% du public).<\/p>\n<p>Arte mise sur le 7e art<\/p>\n<p class=\"paragraph text_align_left\">M 6 monte sur le podium gr\u00e2ce \u00e0 \u00ab\u00a0Capital\u00a0\u00bb. Le magazine \u00e9conomique pr\u00e9sent\u00e9 par Julien Courbet a inform\u00e9 1,94\u00a0million de citoyens, soit<b> <\/b>11,4\u00a0% de l\u2019ensemble du public. Sur la cible commerciale des femmes responsables des achats \u00e2g\u00e9es de moins de 50 ans (FRDA-50), la part de march\u00e9 de 20,9\u00a0%. Il y a quinze jours, le pr\u00e9c\u00e9dent num\u00e9ro de \u00ab\u00a0Capital\u00a0\u00bb avait passionn\u00e9 <a href=\"https:\/\/www.leparisien.fr\/culture-loisirs\/tv\/audiences-tv-france-televisions-mene-la-danse-entre-serie-britannique-et-film-francais-14-04-2025-EJY5NA3U75DU7MNWLT3CBZM7PU.php\" target=\"_blank\" rel=\"nofollow noopener\">1,98\u00a0million de t\u00e9l\u00e9spectateurs <\/a>(11,2\u00a0% du public et 25,0\u00a0% des FRDA-50).<\/p>\n<p class=\"paragraph text_align_left\">\u00c0 un faible niveau, TF\u00a01 est quatri\u00e8me avec \u00ab\u00a0Shazam\u00a0!\u00a0\u00bb, film am\u00e9ricain de superh\u00e9ros avec Zachary Levi, Asher Angel et Mark Strong. Ce dernier n\u2019a r\u00e9uni que 1,80\u00a0million de cin\u00e9philes, soit 11,1\u00a0% du public. Sur les FRDA-50, la Une n\u2019affiche que 16,9\u00a0% de part de march\u00e9. En f\u00e9vrier\u00a02022, le film propos\u00e9 en in\u00e9dit avait pourtant emball\u00e9 4,42\u00a0millions de t\u00e9l\u00e9spectateurs (23,8\u00a0% de PDA) et 40,0\u00a0% des FRDA-50.<\/p>\n<p class=\"paragraph text_align_left\">Du c\u00f4t\u00e9 du reste des cha\u00eenes, Arte s\u2019impose en misant elle aussi sur le 7e art. \u00ab\u00a0L\u2019\u00e9change\u00a0\u00bb, \u0153uvre de Clint Eastwood avec Angelina Jolie et John Malkovich, a \u00e9mu 941 000 amateurs (5,7\u00a0% de PDA).<\/p>\n","protected":false},"excerpt":{"rendered":"Laure Calamy emporte tout sur son passage. Dimanche soir, France\u00a02 s\u2019est hiss\u00e9e en t\u00eate des audiences avec \u00ab\u00a0Antoinette&hellip;\n","protected":false},"author":2,"featured_media":58945,"comment_status":"","ping_status":"","sticky":false,"template":"","format":"standard","meta":{"footnotes":""},"categories":[4],"tags":[11,872,1011,27,12,25,2205],"class_list":{"0":"post-58944","1":"post","2":"type-post","3":"status-publish","4":"format-standard","5":"has-post-thumbnail","7":"category-france","8":"tag-actualites","9":"tag-culture-et-loisirs","10":"tag-fr","11":"tag-france","12":"tag-news","13":"tag-republique-francaise","14":"tag-television-medias"},"share_on_mastodon":{"url":"https:\/\/pubeurope.com\/@fr\/114414987761091449","error":""},"_links":{"self":[{"href":"https:\/\/www.europesays.com\/fr\/wp-json\/wp\/v2\/posts\/58944","targetHints":{"allow":["GET"]}}],"collection":[{"href":"https:\/\/www.europesays.com\/fr\/wp-json\/wp\/v2\/posts"}],"about":[{"href":"https:\/\/www.europesays.com\/fr\/wp-json\/wp\/v2\/types\/post"}],"author":[{"embeddable":true,"href":"https:\/\/www.europesays.com\/fr\/wp-json\/wp\/v2\/users\/2"}],"replies":[{"embeddable":true,"href":"https:\/\/www.europesays.com\/fr\/wp-json\/wp\/v2\/comments?post=58944"}],"version-history":[{"count":0,"href":"https:\/\/www.europesays.com\/fr\/wp-json\/wp\/v2\/posts\/58944\/revisions"}],"wp:featuredmedia":[{"embeddable":true,"href":"https:\/\/www.europesays.com\/fr\/wp-json\/wp\/v2\/media\/58945"}],"wp:attachment":[{"href":"https:\/\/www.europesays.com\/fr\/wp-json\/wp\/v2\/media?parent=58944"}],"wp:term":[{"taxonomy":"category","embeddable":true,"href":"https:\/\/www.europesays.com\/fr\/wp-json\/wp\/v2\/categories?post=58944"},{"taxonomy":"post_tag","embeddable":true,"href":"https:\/\/www.europesays.com\/fr\/wp-json\/wp\/v2\/tags?post=58944"}],"curies":[{"name":"wp","href":"https:\/\/api.w.org\/{rel}","templated":true}]}}