{"id":589443,"date":"2025-12-09T23:17:14","date_gmt":"2025-12-09T23:17:14","guid":{"rendered":"https:\/\/www.europesays.com\/fr\/589443\/"},"modified":"2025-12-09T23:17:14","modified_gmt":"2025-12-09T23:17:14","slug":"beaux-livres-la-selection-de-la-redaction-pour-les-fetes","status":"publish","type":"post","link":"https:\/\/www.europesays.com\/fr\/589443\/","title":{"rendered":"Beaux livres, la s\u00e9lection de la r\u00e9daction pour les f\u00eates"},"content":{"rendered":"<p>Peinture, litt\u00e9rature, nature, sculpture, photo\u2026 La s\u00e9lection de beaux livres effectu\u00e9e par la r\u00e9daction met un coup de projecteur sur certains des titres qui sortent en cette fin d\u2019ann\u00e9e 2025.<\/p>\n<p>LITTERATURE<\/p>\n<p>Victor Hugo, po\u00e8mes et photos<\/p>\n<p>Qu\u2019elles sont \u00e9mouvantes ces photographies s\u00e9pia, trembl\u00e9es, \u00e9vanescentes, semblables parfois \u00e0 des tableaux. Ces clich\u00e9s des d\u00e9buts de la photographie, datant de\u00a01826 \u00e0\u00a01910, ont \u00e9t\u00e9 choisis pour &#8230;<\/p>\n<p>\u00a0<\/p>\n","protected":false},"excerpt":{"rendered":"Peinture, litt\u00e9rature, nature, sculpture, photo\u2026 La s\u00e9lection de beaux livres effectu\u00e9e par la r\u00e9daction met un coup de&hellip;\n","protected":false},"author":2,"featured_media":589444,"comment_status":"","ping_status":"","sticky":false,"template":"","format":"standard","meta":{"footnotes":""},"categories":[9619],"tags":[1111,11,7284,1777,674,14537,1011,27,1380,12,882,1833,25,1650,2310],"class_list":{"0":"post-589443","1":"post","2":"type-post","3":"status-publish","4":"format-standard","5":"has-post-thumbnail","7":"category-toulon","8":"tag-actu","9":"tag-actualites","10":"tag-beaux","11":"tag-eu","12":"tag-europe","13":"tag-fetes","14":"tag-fr","15":"tag-france","16":"tag-livres","17":"tag-news","18":"tag-provence-alpes-cote-dazur","19":"tag-redaction","20":"tag-republique-francaise","21":"tag-selection","22":"tag-toulon"},"share_on_mastodon":{"url":"https:\/\/pubeurope.com\/@fr\/115692165264009638","error":""},"_links":{"self":[{"href":"https:\/\/www.europesays.com\/fr\/wp-json\/wp\/v2\/posts\/589443","targetHints":{"allow":["GET"]}}],"collection":[{"href":"https:\/\/www.europesays.com\/fr\/wp-json\/wp\/v2\/posts"}],"about":[{"href":"https:\/\/www.europesays.com\/fr\/wp-json\/wp\/v2\/types\/post"}],"author":[{"embeddable":true,"href":"https:\/\/www.europesays.com\/fr\/wp-json\/wp\/v2\/users\/2"}],"replies":[{"embeddable":true,"href":"https:\/\/www.europesays.com\/fr\/wp-json\/wp\/v2\/comments?post=589443"}],"version-history":[{"count":0,"href":"https:\/\/www.europesays.com\/fr\/wp-json\/wp\/v2\/posts\/589443\/revisions"}],"wp:featuredmedia":[{"embeddable":true,"href":"https:\/\/www.europesays.com\/fr\/wp-json\/wp\/v2\/media\/589444"}],"wp:attachment":[{"href":"https:\/\/www.europesays.com\/fr\/wp-json\/wp\/v2\/media?parent=589443"}],"wp:term":[{"taxonomy":"category","embeddable":true,"href":"https:\/\/www.europesays.com\/fr\/wp-json\/wp\/v2\/categories?post=589443"},{"taxonomy":"post_tag","embeddable":true,"href":"https:\/\/www.europesays.com\/fr\/wp-json\/wp\/v2\/tags?post=589443"}],"curies":[{"name":"wp","href":"https:\/\/api.w.org\/{rel}","templated":true}]}}