{"id":589455,"date":"2025-12-09T23:25:34","date_gmt":"2025-12-09T23:25:34","guid":{"rendered":"https:\/\/www.europesays.com\/fr\/589455\/"},"modified":"2025-12-09T23:25:34","modified_gmt":"2025-12-09T23:25:34","slug":"a-cote-de-grenoble-cette-station-de-ski-pas-chere-du-vercors-est-parfaite-pour-les-familles-au-petit-budget","status":"publish","type":"post","link":"https:\/\/www.europesays.com\/fr\/589455\/","title":{"rendered":"\u00e0 c\u00f4t\u00e9 de Grenoble, cette station de ski \u00ab\u00a0pas ch\u00e8re\u00a0\u00bb du Vercors est parfaite pour les familles au petit budget"},"content":{"rendered":"<p>Pour une bonne partie des Fran\u00e7ais, passer les <strong>f\u00eates de<br \/>\nfin d\u2019ann\u00e9e \u00e0 la montagne<\/strong> est presque une tradition. La<br \/>\nneige, les temp\u00e9ratures, mais \u00e9galement les <a href=\"https:\/\/www.mariefrance.fr\/evasion\/vacances-neige-hiver-classement-10-meilleures-stations-ski-france-1223527.html\" target=\"_blank\" rel=\"noopener\"><br \/>\nmagnifiques paysages<\/a> en font un lieu magique, parfait pour se<br \/>\nressourcer en famille loin des probl\u00e8mes du quotidien. En France<br \/>\nd\u2019ailleurs, on ne peut pas dire que le choix manque parmi les<br \/>\nnombreuses stations de ski existantes.<\/p>\n<p>Le pays poss\u00e8de parmi les <strong><a href=\"https:\/\/www.mariefrance.fr\/evasion\/meilleure-station-de-ski-2025-decouvrez-pourquoi-elle-surpasse-les-3-vallees-et-chamonix-selon-conde-nast-traveller-1217689.html\" target=\"_blank\" rel=\"noopener\"><br \/>\nplus beaux<\/a> et les plus grands domaines du monde<\/strong>,<br \/>\nsouvent r\u00e9compens\u00e9s. Ainsi, avec la neige tomb\u00e9e derni\u00e8rement, la<br \/>\nsaison promet d\u2019\u00eatre superbe (si tant est que tout ne fonde pas<br \/>\nd\u2019ici No\u00ebl avec le redoux). Probl\u00e8me : qui dit s\u00e9jour au ski dans<br \/>\nces stations dit aussi d\u00e9penses importantes. Selon une \u00e9tude<br \/>\nr\u00e9cente r\u00e9alis\u00e9e par Airbnb, le <strong>co\u00fbt moyen<\/strong> d\u2019un<br \/>\ns\u00e9jour au ski s\u2019\u00e9tablirait en effet \u00e0 <a href=\"https:\/\/www.mariefrance.fr\/actualite\/societe\/ski-vraiment-sport-riche-voici-combien-coute-vacances-sport-dhiver-france-moyenne-1218511.html\" target=\"_blank\" rel=\"noopener\"><br \/>\n<strong>450 euros par adulte<\/strong><\/a>. Soit environ <strong>1<br \/>\n450 euros pour une famille de quatre personnes<\/strong>. Pour les<br \/>\nfoyers aux moyens plus limit\u00e9s heureusement, il est encore possible<br \/>\nde trouver des options int\u00e9ressantes. En voici la preuve.<\/p>\n<p>A deux pas de Grenoble, cette station de ski m\u00e9connue a tout<br \/>\npour plaire aux familles<\/p>\n<p>Pourquoi se ruiner dans des stations de ski comme Val d\u2019Is\u00e8re ou<br \/>\nCourchevel quand il existe tout aussi bien et moins cher ailleurs ?<br \/>\nPour les familles notamment, il n\u2019y a <strong>rien de mieux que<br \/>\n<a href=\"https:\/\/www.mariefrance.fr\/evasion\/oubliez-chamonix-cette-station-de-ski-des-hautes-alpes-pas-chere-est-parfaite-pour-les-vacances-des-petits-budgets-cet-hiver-1224781.html\" target=\"_blank\" rel=\"noopener\"><br \/>\nles petits domaines<\/a>,<\/strong> ceux que l\u2019on d\u00e9crit comme \u00e9tant<br \/>\n\u00e0 \u201ctaille humaine\u201d et qui ne sont pas assez connus pour souffrir de<br \/>\nla foule. C\u2019est le cas pour la station de ski<br \/>\n<strong>Autrans-M\u00e9audre dans le Vercors<\/strong>, situ\u00e9e \u00e0 40 km de<br \/>\nGrenoble, qui surprend aussi bien qu\u2019elle ravie.<\/p>\n<p>Entour\u00e9e de magnifiques sommets, situ\u00e9e plus pr\u00e9cis\u00e9ment au<br \/>\ncoeur du Parc Naturel R\u00e9gional du Vercors, la station propose une<br \/>\n<strong>quarantaine de pistes<\/strong>. Seulement 10 % sont noires,<br \/>\nles autres permettant aux amateurs et aux d\u00e9butants de profiter des<br \/>\njoies de la glisse sans trop de peur ni de risque. Quant \u00e0 ceux qui<br \/>\naiment la montagne mais pas forc\u00e9ment le ski alpin, d\u2019autres<br \/>\npossibilit\u00e9s s\u2019offrent \u00e0 eux : pr\u00e8s de <strong>200 km<\/strong> sont<br \/>\nd\u00e9di\u00e9s au ski de fond, aux raquettes, aux balades en chien de<br \/>\ntraineaux\u2026<\/p>\n<p><img loading=\"lazy\" decoding=\"async\" aria-describedby=\"caption-attachment-1219551\" itemprop=\"thumbnailUrl\" class=\"size-full wp-image-1219551 img-responsive\" src=\"https:\/\/www.europesays.com\/fr\/wp-content\/uploads\/2025\/12\/il-faut-encore-six-ans-de-neige-cette-station-de-ski-tres-populaire-dans-le-jura-ne-cache-plus-son-i.jpeg\" alt=\"Neige station ski\" width=\"1280\" height=\"720\"\/><br \/>\n\u00a9<br \/>\nShutterstock<\/p>\n<p id=\"caption-attachment-1219551\" class=\"wp-caption-text\">Un<br \/>\ndomaine accessible financi\u00e8rement<\/p>\n<p>Un domaine accessible<br \/>\nfinanci\u00e8rement<\/p>\n<p>Accessible aux skieurs d\u00e9butants comme aux pratiquants<br \/>\nexp\u00e9riment\u00e9s, la station d\u2019Autrans-M\u00e9audre est aussi reconnue pour<br \/>\nson accueil particuli\u00e8rement <strong>adapt\u00e9 aux familles.<\/strong><br \/>\nElles propose de nombreuses infrastructures d\u00e9di\u00e9es notamment une<br \/>\ngarderie, des ateliers et des animations durant les vacances<br \/>\nscolaires, ainsi que des espaces con\u00e7us pour diff\u00e9rents publics.<br \/>\nEnfin, elle se d\u00e9marque par ses <a href=\"https:\/\/share.google\/XEIPJWOh1aF5mIRZ9\" target=\"_blank\" rel=\"nofollow noopener\"><strong>tarifs particuli\u00e8rement<br \/>\nattractifs<\/strong><\/a>, parfaits pour les petits budgets.<\/p>\n<p>Comptez par exemple <strong>environ 23,70 \u20ac pour un<br \/>\nforfait<\/strong> journ\u00e9e adulte, ou 21,70 \u20ac pour un forfait 4<br \/>\nheures. Les jeunes, enfants et seniors b\u00e9n\u00e9ficient de prix encore<br \/>\nplus doux, avec un forfait journ\u00e9e autour de 20,70 \u20ac, et un forfait<br \/>\n4 heures \u00e0 environ 18,70 \u20ac. Les tout-petits et les d\u00e9butants<br \/>\npeuvent m\u00eame d\u00e9couvrir la glisse en douceur gr\u00e2ce \u00e0 la zone<br \/>\nd\u00e9butant, accessible pour environ 12,60 \u20ac la s\u00e9ance. Enfin, pour un<br \/>\nweek-end \u00e0 la montagne, le forfait 2 jours adulte reste tr\u00e8s<br \/>\nabordable, autour de 45,50 \u20ac. Une tr\u00e8s bonne affaire pour les<br \/>\nfamilles qui peuvent ainsi profiter de leur s\u00e9jour sans se<br \/>\nruiner.<\/p>\n","protected":false},"excerpt":{"rendered":"Pour une bonne partie des Fran\u00e7ais, passer les f\u00eates de fin d\u2019ann\u00e9e \u00e0 la montagne est presque une&hellip;\n","protected":false},"author":2,"featured_media":589456,"comment_status":"","ping_status":"","sticky":false,"template":"","format":"standard","meta":{"footnotes":""},"categories":[9566],"tags":[1111,11,2430,1777,674,1011,27,2731,12,25],"class_list":{"0":"post-589455","1":"post","2":"type-post","3":"status-publish","4":"format-standard","5":"has-post-thumbnail","7":"category-grenoble","8":"tag-actu","9":"tag-actualites","10":"tag-auvergne-rhone-alpes","11":"tag-eu","12":"tag-europe","13":"tag-fr","14":"tag-france","15":"tag-grenoble","16":"tag-news","17":"tag-republique-francaise"},"share_on_mastodon":{"url":"https:\/\/pubeurope.com\/@fr\/115692197487741140","error":""},"_links":{"self":[{"href":"https:\/\/www.europesays.com\/fr\/wp-json\/wp\/v2\/posts\/589455","targetHints":{"allow":["GET"]}}],"collection":[{"href":"https:\/\/www.europesays.com\/fr\/wp-json\/wp\/v2\/posts"}],"about":[{"href":"https:\/\/www.europesays.com\/fr\/wp-json\/wp\/v2\/types\/post"}],"author":[{"embeddable":true,"href":"https:\/\/www.europesays.com\/fr\/wp-json\/wp\/v2\/users\/2"}],"replies":[{"embeddable":true,"href":"https:\/\/www.europesays.com\/fr\/wp-json\/wp\/v2\/comments?post=589455"}],"version-history":[{"count":0,"href":"https:\/\/www.europesays.com\/fr\/wp-json\/wp\/v2\/posts\/589455\/revisions"}],"wp:featuredmedia":[{"embeddable":true,"href":"https:\/\/www.europesays.com\/fr\/wp-json\/wp\/v2\/media\/589456"}],"wp:attachment":[{"href":"https:\/\/www.europesays.com\/fr\/wp-json\/wp\/v2\/media?parent=589455"}],"wp:term":[{"taxonomy":"category","embeddable":true,"href":"https:\/\/www.europesays.com\/fr\/wp-json\/wp\/v2\/categories?post=589455"},{"taxonomy":"post_tag","embeddable":true,"href":"https:\/\/www.europesays.com\/fr\/wp-json\/wp\/v2\/tags?post=589455"}],"curies":[{"name":"wp","href":"https:\/\/api.w.org\/{rel}","templated":true}]}}