{"id":589461,"date":"2025-12-09T23:28:18","date_gmt":"2025-12-09T23:28:18","guid":{"rendered":"https:\/\/www.europesays.com\/fr\/589461\/"},"modified":"2025-12-09T23:28:18","modified_gmt":"2025-12-09T23:28:18","slug":"6-concerts-pour-celebrer-les-fetes-a-strasbourg","status":"publish","type":"post","link":"https:\/\/www.europesays.com\/fr\/589461\/","title":{"rendered":"6 concerts pour c\u00e9l\u00e9brer les f\u00eates \u00e0 Strasbourg"},"content":{"rendered":"<p><b>Une fin d\u2019ann\u00e9e magistrale et familiale : l\u2019Orchestre philharmonique de Strasbourg (OPS) nous entra\u00eenera ces prochains jours dans des univers enchanteurs, de Casse-Noisette \u00e0\u00a0Harry Potter (en cin\u00e9-concert), sans oublier le Nouvel An lyrique. Des rendez-vous festifs et familiaux, pour c\u00e9l\u00e9brer les f\u00eates de fin d\u2019ann\u00e9e en grande pompe, ou commencer 2026 sur une belle note. Musique, maestro\u00a0!<\/b><\/p>\n<p>Alors que la magie des f\u00eates est d\u00e9sormais bien install\u00e9e dans la ville, l\u2019Orchestre philharmonique de Strasbourg nous plongera, lui,<a href=\"https:\/\/philharmonique.strasbourg.eu\/detail-evenement\/-\/entity\/id\/535970752\/esprit-de-noel\" target=\"_blank\" rel=\"noopener\"> <b>le vendredi 12 d\u00e9cembre<\/b> (\u00e0 20h), dans <b>l\u2019<\/b><b>Esprit de No\u00ebl<\/b><\/a>.<\/p>\n<p>    <img width=\"401\" height=\"600\" src=\"https:\/\/www.europesays.com\/fr\/wp-content\/uploads\/2025\/12\/gregory-massat-1-401x600.jpg\" class=\"attachment-image-size-M size-image-size-M\" alt=\"OPS orchestre philharmonique de strasbourg\" decoding=\"async\" loading=\"lazy\"  \/>         \u00a9 Gregory Massat \/ Document remis <\/p>\n<p>Il rejoindra le<b> Palais de la musique et des congr\u00e8s (PMC)<\/b> avec un programme en deux temps. D\u2019une part, il sera compos\u00e9 du <b>Concerto pour violon en r\u00e9 majeur<\/b><b> de Beethoven<\/b>, \u00ab\u00a0une \u0153uvre de grande envergure [qui] t\u00e9moigne d\u2019une p\u00e9riode heureuse\u00a0\u00bb dans la vie du compositeur, mis en valeur par l\u2019orchestre dirig\u00e9 par Vassily Petrenko et avec <b>\u00ab un violon d\u2019une grande po\u00e9sie \u00bb, <\/b>celui de Sergei Dogadin.<\/p>\n<p>De l\u2019autre, <b>l\u2019Acte 2 du c\u00e9l\u00e8bre conte f\u00e9erique et onirique de No\u00ebl : <\/b><b>Casse-Noisette <\/b><b>de Tcha\u00efkovski<\/b>. Une composition de saison, qui continue de faire r\u00eaver petit(e)s et grand(e)s enfants, g\u00e9n\u00e9ration apr\u00e8s g\u00e9n\u00e9ration.<\/p>\n<p>Le 20 d\u00e9cembre\u00a0: envol vers Poudlard<\/p>\n<p>Rapprochons-nous un peu plus de No\u00ebl encore, avec une rencontre magique le<b> samedi 20 d\u00e9cembre<\/b> (\u00e0 20h), <b>au Z\u00e9nith de Strasbourg<\/b>. Le temps d\u2019une soir\u00e9e, l\u2019orchestre redonnera toute sa majest\u00e9 \u00e0 l\u2019une des <b>bandes originales les plus connues du cin\u00e9ma<\/b>, \u00e0 l\u2019occasion d\u2019un <a href=\"https:\/\/philharmonique.strasbourg.eu\/detail-evenement\/-\/entity\/id\/534879551\/harry-potter-a-l-ecole-des-sorciers-en-concert\" target=\"_blank\" rel=\"noopener\"><b>cin\u00e9-concert d\u2019envergure\u00a0: <\/b><b>Harry Potter \u00e0 l\u2019\u00e9cole des sorciers\u2122<\/b><\/a>.<\/p>\n<p>Il sera possible de (re)d\u00e9couvrir avec l\u2019OPS, dirig\u00e9 par Timothy Henty, la partition de <b>John Williams<\/b>, et le premier volet de la saga culte du jeune sorcier, diffus\u00e9 sur grand \u00e9cran <b>en <\/b><b>VOSTFR<\/b>. [Bon \u00e0 savoir : les tarifs commencent d\u00e8s 6\u20ac, ndlr].<\/p>\n<\/p>\n<p>L&rsquo;ann\u00e9e commence (aussi) en musique\u00a0!<\/p>\n<p>Comme chaque ann\u00e9e, l\u2019OPS invite les m\u00e9lomanes \u00e0 r\u00e9veillonner \u00e0 ses c\u00f4t\u00e9s, avec ses <a href=\"https:\/\/philharmonique.strasbourg.eu\/detail-evenement\/-\/entity\/id\/535970889\/florilege-lyrique\" target=\"_blank\" rel=\"noopener\"><b>concerts annuels de la Saint-Sylvestre et du Nouvel An, au PMC<\/b><\/a>. Respectivement le <b>mercredi 31 d\u00e9cembre (\u00e0 20h)<\/b> et le <b>jeudi 1er janvier (\u00e0 17h)<\/b>.<\/p>\n<p>\u00c0 cette occasion, l\u2019OPS nous offrira un <b>Floril\u00e8ge Lyrique<\/b><b>, en compagnie du Ch\u0153ur de l\u2019Op\u00e9ra national du Rhin <\/b>(dirig\u00e9 par Hendrik Haas). Pour voyager vers la nouvelle ann\u00e9e sur <b>\u00ab\u00a0les plus beaux airs du r\u00e9pertoire\u00a0\u00bb<\/b> de Bizet, Puccini, Verdi, Bellini, Donizetti, Massenet \u00e0 K\u00e1lm\u00e1n. Avec : le chef Aziz Shokhakimov \u00e0 la baguette, la soprano Barno Ismatullaeva et le t\u00e9nor Xabier Anduaga.<\/p>\n<p>    <img width=\"800\" height=\"534\" src=\"https:\/\/www.europesays.com\/fr\/wp-content\/uploads\/2025\/12\/concert-noel-nouvel-an-gregory-massat-1-800x534.jpg\" class=\"attachment-image-size-L size-image-size-L\" alt=\"OPS orchestre philharmonique de strasbourg\" decoding=\"async\" loading=\"lazy\"  \/>         \u00a9 Gr\u00e9gory Massat \/ Document remis <\/p>\n<p>Des concerts pour l&rsquo;an prochain, \u00e0 mettre sous le sapin<\/p>\n<p>Si la fin d\u2019ann\u00e9e sera riche, l\u2019OPS d\u00e9roule d\u00e9j\u00e0 sa programmation 2026. Pourquoi ne pas profiter des f\u00eates pour g\u00e2ter ses proches en leur offrant un concert ? [<b>Billets d\u00e8s 6\u20ac<\/b>, selon r\u00e9ductions, ndlr].<\/p>\n<p><a href=\"https:\/\/philharmonique.strasbourg.eu\/detail-evenement\/-\/entity\/id\/536038788\/echos-d-europe-centrale\" target=\"_blank\" rel=\"noopener\">Le <b>jeudi 12 f\u00e9vrier<\/b> (\u00e0 20h), l\u2019OPS (toujours dirig\u00e9 par Aziz Shokhakimov) fera r\u00e9sonner des <b>\u00c9chos d\u2019Europe centrale <\/b><\/a>au PMC. \u00c0 ses c\u00f4t\u00e9s ? <b>Une jeune virtuose, au violon : l\u2019Espagnole Maria Due\u00f1as Fern\u00e1ndez<\/b>, laur\u00e9ate du prestigieux Concours international Yehudi-Menuhin 2021.<\/p>\n<p>    <img width=\"800\" height=\"533\" src=\"https:\/\/www.europesays.com\/fr\/wp-content\/uploads\/2025\/12\/aziz-shokhakimov-orchestre-teona-goreci-44-800x533.jpg\" class=\"attachment-image-size-L size-image-size-L\" alt=\"OPS orchestre philharmonique de strasbourg\" decoding=\"async\" loading=\"lazy\"  \/>         Aziz Shokhakimov et l&rsquo;OPS \u00a9 Teona Goreci \/ Document remis <\/p>\n<p><b>Y seront jou\u00e9s trois compositeurs<\/b><b> \u00ab\u00a0soucieux de leurs racines\u00a0\u00bb<\/b><b>, au travers de trois \u0153uvres <\/b><b>\u00ab\u00a0novatrices\u00a0\u00bb<\/b>. Le Concerto pour orchestre de <b>B\u00e9la Bart\u00f3k<\/b>, le Concerto pour violon n\u00b01 de Karol Szymanowski qui \u00ab\u00a0exploite le registre suraigu et les effets du violon\u00a0\u00bb, et enfin la Rhapsodie roumaine n\u00b01 de <b>Georges Enesco qui<\/b><b> \u00ab\u00a0puise dans les chansons et th\u00e8mes populaires pour \u00e9crire une \u0153uvre exub\u00e9rante et p\u00e9tillante\u00a0\u00bb<\/b>.<\/p>\n<p>Le concert sera pr\u00e9c\u00e9d\u00e9 d\u2019une conf\u00e9rence (gratuite) \u00e0 19h\u00a0: \u00ab\u00a0La musique d\u2019Europe centrale\u00a0: une identit\u00e9 commune\u00a0?\u00a0\u00bb par Cyril Pallaud.<\/p>\n<p>    <img width=\"800\" height=\"533\" src=\"https:\/\/www.europesays.com\/fr\/wp-content\/uploads\/2025\/12\/2025-02-26-print-teona-goreci-14-800x533.jpg\" class=\"attachment-image-size-L size-image-size-L\" alt=\"OPS orchestre philharmonique de strasbourg\" decoding=\"async\" loading=\"lazy\"  \/>         Aziz Shokhakimov et l&rsquo;OPS \u00a9 Teona Goreci \/ Document remis <\/p>\n<p><a href=\"https:\/\/www.strasbourg.eu\/web\/ops\/les-concerts-relax\" target=\"_blank\" rel=\"noopener\"><b>En mars (du 17 au 20, avec un concert Relax le 19)<\/b>, l\u2019OPS s\u2019empare de <b>Beethoven<\/b> <\/a>(Romance n\u00b02 en fa majeur et <b>Symphonie n\u00b05 <\/b>en do mineur), et s\u2019invite <b>\u00e0 la Cit\u00e9 de la musique et de la danse<\/b>.<\/p>\n<p>Il nous y fera passer une Heure Joyeuse sur les notes de <b>la plus reconnaissable des symphonies <\/b>du compositeur. Une \u0153uvre qui contiendrait, d\u2019apr\u00e8s l\u2019\u00e9crivain Hoffmann, \u00ab\u00a0le contenu romantique de la musique au plus haut degr\u00e9 de son expression\u00a0\u00bb. Quant \u00e0 la Romance, elle lancera la soir\u00e9e avec majest\u00e9, sur<b> <\/b><b>\u00ab\u00a0un dialogue somptueux et passionn\u00e9 entre le violon soliste [Philippe Lindecker] et l\u2019orchestre\u00a0\u00bb<\/b>.<\/p>\n<p>    <img width=\"800\" height=\"534\" src=\"https:\/\/www.europesays.com\/fr\/wp-content\/uploads\/2025\/12\/059-0379-nicolas-roses-800x534.jpeg\" class=\"attachment-image-size-L size-image-size-L\" alt=\"OPS orchestre philharmonique de strasbourg\" decoding=\"async\" loading=\"lazy\"  \/>         \u00a9 Nicolas Roses \/ Document remis <\/p>\n<p>Quant aux cin\u00e9philes, ils et elles vibreront<b> les 28 (au format Relax) et 29 avril au PMC, sur les <\/b><b>M\u00e9lodies du Cin\u00e9ma<\/b>. Une soir\u00e9e dans l\u2019univers des plus grandes musiques de films, avec Aziz Shokhakimov \u00e0 la direction.<\/p>\n<p>Au g\u00e9n\u00e9rique\u00a0? Gottfried Huppertz (pour Metropolis), <b>Maurice Jarre<\/b> (pour Lawrence d\u2019Arabie), Michel Legrand (pour <b>Les Parapluies de Cherbourg<\/b>), Nino Rota (pour Le Parrain), <b>John Williams<\/b> (pour La Liste de Schindler et <b>Star Wars<\/b>), et enfin, Lalo Schifrin (pour <b>Mission Impossible<\/b>). [Il nous est aussi pr\u00e9cis\u00e9 que pour la deuxi\u00e8me partie, il sera possible de voter sur les r\u00e9seaux sociaux pour choisir les bandes originales que vous souhaitez entendre, ndlr].<\/p>\n<p>Et pour aller plus loin : ne loupez pas les <strong>conf\u00e9rences gratuites d\u2019avant-concert sur \u00ab Le film n\u2019est d\u00e9finitivement pas un \u2018m\u00e9dium visuel\u2019 <\/strong>\u00bb par Rapha\u00ebl Sz\u00f6ll\u00f6sy.<\/p>\n<p><b>Quant \u00e0 s\u2019accorder sur<a href=\"https:\/\/philharmonique.strasbourg.eu\" target=\"_blank\" rel=\"noopener\"> toute la programmation de l\u2019OPS, c\u2019est par ici<\/a> !<\/b><\/p>\n<p>            Programmation de fin et d\u00e9but d&rsquo;ann\u00e9e de l&rsquo;Orchestre philharmonique de Strasbourg (OPS)<\/p>\n<p>            Quoi ? <\/p>\n<p>Concerts<\/p>\n<p>                Quand ?<\/p>\n<ul>\n<li>Esprit de No\u00ebl\u00a0: 12 d\u00e9cembre (\u00e0 20h)<\/li>\n<li>Cin\u00e9-concert Harry Potter \u00e0 l\u2019\u00e9cole des sorciers\u2122\u00a0: 20 d\u00e9cembre (\u00e0 20h)<\/li>\n<li>Floril\u00e8ge Lyrique\u00a0:<br \/>\u2013 Concert de la Saint-Sylvestre\u00a0: 31 d\u00e9cembre (\u00e0 20h)<br \/>\u2013 Concert de Nouvel an\u00a0: 1er janvier (\u00e0 17h)<\/li>\n<li>\u00c9chos d\u2019Europe centrale\u00a0: 12 f\u00e9vrier<\/li>\n<li>Heure Joyeuse\u00a0: du 17 au 20 mars<\/li>\n<li>M\u00e9lodies du Cin\u00e9ma\u00a0: les 28 (au format Relax) et 29 avril<\/li>\n<\/ul>\n<p>            o\u00f9 ?<\/p>\n<p>Au Palais de la musique et des congr\u00e8s de Strasbourg, au Z\u00e9nith et \u00e0 la Cit\u00e9 de la musique et de la danse)<\/p>\n<p>                Plus d&rsquo;infos ?<\/p>\n<p><a href=\"https:\/\/philharmonique.strasbourg.eu\" target=\"_blank\" rel=\"noopener\">Programmation compl\u00e8te<\/a><\/p>\n<p>L\u2019OPS sur les r\u00e9seaux :<br \/><a href=\"https:\/\/www.instagram.com\/ops_strasbourg\/#\" target=\"_blank\" rel=\"noopener\">Instagram<\/a><br \/><a href=\"https:\/\/www.facebook.com\/orchestre.philharmonique.strasbourg\/?ref=ts\" target=\"_blank\" rel=\"noopener\">Facebook<\/a><\/p>\n<p><script async src=\"\/\/www.instagram.com\/embed.js\"><\/script><\/p>\n","protected":false},"excerpt":{"rendered":"Une fin d\u2019ann\u00e9e magistrale et familiale : l\u2019Orchestre philharmonique de Strasbourg (OPS) nous entra\u00eenera ces prochains jours dans&hellip;\n","protected":false},"author":2,"featured_media":589462,"comment_status":"","ping_status":"","sticky":false,"template":"","format":"standard","meta":{"footnotes":""},"categories":[2820],"tags":[1111,11,4763,61146,3526,1697,1777,674,652,1011,27,775,873,12,15830,39117,70257,70258,25,640,4064],"class_list":{"0":"post-589461","1":"post","2":"type-post","3":"status-publish","4":"format-standard","5":"has-post-thumbnail","7":"category-strasbourg","8":"tag-actu","9":"tag-actualites","10":"tag-agenda","11":"tag-cine-concert","12":"tag-classique","13":"tag-concert","14":"tag-eu","15":"tag-europe","16":"tag-famille","17":"tag-fr","18":"tag-france","19":"tag-grand-est","20":"tag-musique","21":"tag-news","22":"tag-noel","23":"tag-nouvel-an","24":"tag-ops","25":"tag-orchestre-philharmonique-de-strasbourg","26":"tag-republique-francaise","27":"tag-strasbourg","28":"tag-week-end"},"share_on_mastodon":{"url":"https:\/\/pubeurope.com\/@fr\/115692211098830088","error":""},"_links":{"self":[{"href":"https:\/\/www.europesays.com\/fr\/wp-json\/wp\/v2\/posts\/589461","targetHints":{"allow":["GET"]}}],"collection":[{"href":"https:\/\/www.europesays.com\/fr\/wp-json\/wp\/v2\/posts"}],"about":[{"href":"https:\/\/www.europesays.com\/fr\/wp-json\/wp\/v2\/types\/post"}],"author":[{"embeddable":true,"href":"https:\/\/www.europesays.com\/fr\/wp-json\/wp\/v2\/users\/2"}],"replies":[{"embeddable":true,"href":"https:\/\/www.europesays.com\/fr\/wp-json\/wp\/v2\/comments?post=589461"}],"version-history":[{"count":0,"href":"https:\/\/www.europesays.com\/fr\/wp-json\/wp\/v2\/posts\/589461\/revisions"}],"wp:featuredmedia":[{"embeddable":true,"href":"https:\/\/www.europesays.com\/fr\/wp-json\/wp\/v2\/media\/589462"}],"wp:attachment":[{"href":"https:\/\/www.europesays.com\/fr\/wp-json\/wp\/v2\/media?parent=589461"}],"wp:term":[{"taxonomy":"category","embeddable":true,"href":"https:\/\/www.europesays.com\/fr\/wp-json\/wp\/v2\/categories?post=589461"},{"taxonomy":"post_tag","embeddable":true,"href":"https:\/\/www.europesays.com\/fr\/wp-json\/wp\/v2\/tags?post=589461"}],"curies":[{"name":"wp","href":"https:\/\/api.w.org\/{rel}","templated":true}]}}