{"id":589463,"date":"2025-12-09T23:29:15","date_gmt":"2025-12-09T23:29:15","guid":{"rendered":"https:\/\/www.europesays.com\/fr\/589463\/"},"modified":"2025-12-09T23:29:15","modified_gmt":"2025-12-09T23:29:15","slug":"letoile-noire-de-strasbourg-a-joue-a-se-faire-peur-contre-meudon","status":"publish","type":"post","link":"https:\/\/www.europesays.com\/fr\/589463\/","title":{"rendered":"l\u2019\u00c9toile Noire de Strasbourg a jou\u00e9 \u00e0 se faire peur contre Meudon"},"content":{"rendered":"<p>En apesanteur dans le premier tiers puis en ma\u00eetrise dans le deuxi\u00e8me, Strasbourg s\u2019est procur\u00e9 des frayeurs \u00e9vitables, en perdant le fil de son hockey dans l\u2019ultime p\u00e9riode. L\u2019essentiel est n\u00e9anmoins sauvegard\u00e9 pour les hommes de Michal Duras, avec un huiti\u00e8me succ\u00e8s lors des neuf derni\u00e8res journ\u00e9es de D1. Les Bas-Rhinois consolident ainsi leur place dans le top 4.<\/p>\n<p>Alors que Main allume la premi\u00e8re m\u00e8che (1re ), Hiadlovsky, le portier strasbourgeois, s\u2019oppose aux essais de Lorraine \u00e0 bout portant (6e ) puis&#8230;<\/p>\n","protected":false},"excerpt":{"rendered":"En apesanteur dans le premier tiers puis en ma\u00eetrise dans le deuxi\u00e8me, Strasbourg s\u2019est procur\u00e9 des frayeurs \u00e9vitables,&hellip;\n","protected":false},"author":2,"featured_media":589464,"comment_status":"","ping_status":"","sticky":false,"template":"","format":"standard","meta":{"footnotes":""},"categories":[2820],"tags":[1111,11,2880,23248,1777,674,1011,27,775,4133,12,25,517,640,2879],"class_list":{"0":"post-589463","1":"post","2":"type-post","3":"status-publish","4":"format-standard","5":"has-post-thumbnail","7":"category-strasbourg","8":"tag-actu","9":"tag-actualites","10":"tag-edition-strasbourg","11":"tag-etoile-noire-strasbourg","12":"tag-eu","13":"tag-europe","14":"tag-fr","15":"tag-france","16":"tag-grand-est","17":"tag-hockey-sur-glace","18":"tag-news","19":"tag-republique-francaise","20":"tag-sport","21":"tag-strasbourg","22":"tag-strasbourg-ville"},"share_on_mastodon":{"url":"https:\/\/pubeurope.com\/@fr\/115692212489391785","error":""},"_links":{"self":[{"href":"https:\/\/www.europesays.com\/fr\/wp-json\/wp\/v2\/posts\/589463","targetHints":{"allow":["GET"]}}],"collection":[{"href":"https:\/\/www.europesays.com\/fr\/wp-json\/wp\/v2\/posts"}],"about":[{"href":"https:\/\/www.europesays.com\/fr\/wp-json\/wp\/v2\/types\/post"}],"author":[{"embeddable":true,"href":"https:\/\/www.europesays.com\/fr\/wp-json\/wp\/v2\/users\/2"}],"replies":[{"embeddable":true,"href":"https:\/\/www.europesays.com\/fr\/wp-json\/wp\/v2\/comments?post=589463"}],"version-history":[{"count":0,"href":"https:\/\/www.europesays.com\/fr\/wp-json\/wp\/v2\/posts\/589463\/revisions"}],"wp:featuredmedia":[{"embeddable":true,"href":"https:\/\/www.europesays.com\/fr\/wp-json\/wp\/v2\/media\/589464"}],"wp:attachment":[{"href":"https:\/\/www.europesays.com\/fr\/wp-json\/wp\/v2\/media?parent=589463"}],"wp:term":[{"taxonomy":"category","embeddable":true,"href":"https:\/\/www.europesays.com\/fr\/wp-json\/wp\/v2\/categories?post=589463"},{"taxonomy":"post_tag","embeddable":true,"href":"https:\/\/www.europesays.com\/fr\/wp-json\/wp\/v2\/tags?post=589463"}],"curies":[{"name":"wp","href":"https:\/\/api.w.org\/{rel}","templated":true}]}}