{"id":589471,"date":"2025-12-09T23:34:17","date_gmt":"2025-12-09T23:34:17","guid":{"rendered":"https:\/\/www.europesays.com\/fr\/589471\/"},"modified":"2025-12-09T23:34:17","modified_gmt":"2025-12-09T23:34:17","slug":"fc-nantes-une-recrue-dans-les-annales","status":"publish","type":"post","link":"https:\/\/www.europesays.com\/fr\/589471\/","title":{"rendered":"FC Nantes\u00a0: une recrue dans les annales"},"content":{"rendered":"<p><strong>La crise couve au FC Nantes apr\u00e8s la d\u00e9faite d\u2019hier face au leader de la Ligue 1, le RC Lens. Mais Youssef El Arabi a inscrit un but qui fera date\u2026<\/strong><\/p>\n<p>Ce samedi, le FC Nantes s\u2019est bien battu, mais <a href=\"https:\/\/www.butfootballclub.fr\/1633002-fc-nantes-rc-lens-1-2-les-notes-du-match\/\" rel=\"noreferrer noopener\" target=\"_blank\">le RC Lens a \u00e9t\u00e9 bien trop fort \u00e0 la Beaujoire<\/a> (1-2). Apr\u00e8s une premi\u00e8re p\u00e9riode domin\u00e9e par les Lensois, les Canaris se sont ensuite r\u00e9veill\u00e9s et leur seconde p\u00e9riode a \u00e9t\u00e9 bien meilleure. Mais cela n\u2019a pas suffi \u00e0 \u00e9viter la d\u00e9faite. Barragiste, le FCN sera assur\u00e9 d\u2019\u00eatre rel\u00e9gable ce dimanche soir, \u00e9tant donn\u00e9 que Metz et Auxerre, les deux derniers, s\u2019affrontent. Apr\u00e8s la rencontre, <a href=\"https:\/\/www.butfootballclub.fr\/1631838-fc-nantes-kita-nen-peut-plus-castro-fait-une-annonce-cinglante-sur-son-avenir\/\" rel=\"noreferrer noopener\" target=\"_blank\">Luis Castro s\u2019est l\u00e2ch\u00e9<\/a>, et a point\u00e9 du doigt ses joueurs, et notamment les entrants, mais aussi ses dirigeants alors que la premi\u00e8re recrue hivernale <a href=\"https:\/\/www.butfootballclub.fr\/1632808-fc-nantes-mercato-les-canaris-vont-officialiser-machado-le-rc-lens-vraiment-pas-gourmand\/\" rel=\"noreferrer noopener\" target=\"_blank\">Deiver Machado<\/a> a assist\u00e9 \u00e0 la d\u00e9faite nantaise depuis les tribunes. \u00ab\u00a0Si je demande une Ferrari mais que le club me dit v\u00e9lo\u2026\u00a0\u00bb, a l\u00e2ch\u00e9 Castro, dont Ouest-France indique qu\u2019il est logiquement plus fragilis\u00e9 que jamais.<\/p>\n<p>El Arabi plus vieux buteur du FC Nantes en Ligue 1<\/p>\n<p>Les joueurs, eux, s\u2019en sont remis aux Kita. \u00ab\u00a0La sonnette d\u2019alarme est d\u00e9j\u00e0 tir\u00e9e. On a besoin de renforts, \u00e7a se voit !\u00a0\u00bb, a estim\u00e9 Youssef El Arabi. Le Marocain a redonn\u00e9 espoir \u00e0 son \u00e9quipe en \u00e9galisant sur p\u00e9nalty, en deux temps, quatre minutes apr\u00e8s l\u2019ouverture du score de Florian Thauvin. Si son but n\u2019a pas emp\u00each\u00e9 les Canaris de s\u2019incliner pour la huiti\u00e8me fois de la saison, il lui a permis d\u2019inscrire son nom dans le grand livre d\u2019histoire du FC Nantes. En effet, le natif de Caen est devenu le buteur le plus \u00e2g\u00e9 de l\u2019histoire du FC Nantes en Ligue 1, \u00e0 38 ans et 10 mois. Il s\u2019agit de sa troisi\u00e8me r\u00e9alisation cette saison depuis son arriv\u00e9e sur les bords de l\u2019Erdre cet \u00e9t\u00e9.<\/p>\n","protected":false},"excerpt":{"rendered":"La crise couve au FC Nantes apr\u00e8s la d\u00e9faite d\u2019hier face au leader de la Ligue 1, le&hellip;\n","protected":false},"author":2,"featured_media":589472,"comment_status":"","ping_status":"","sticky":false,"template":"","format":"standard","meta":{"footnotes":""},"categories":[2818],"tags":[1111,11,448,1777,674,63,1011,27,66,3388,766,12,2636,25,10662],"class_list":{"0":"post-589471","1":"post","2":"type-post","3":"status-publish","4":"format-standard","5":"has-post-thumbnail","7":"category-nantes","8":"tag-actu","9":"tag-actualites","10":"tag-champions-league","11":"tag-eu","12":"tag-europe","13":"tag-football","14":"tag-fr","15":"tag-france","16":"tag-ligue-1","17":"tag-matchs","18":"tag-nantes","19":"tag-news","20":"tag-pays-de-la-loire","21":"tag-republique-francaise","22":"tag-transferts"},"share_on_mastodon":{"url":"https:\/\/pubeurope.com\/@fr\/115692232066318114","error":""},"_links":{"self":[{"href":"https:\/\/www.europesays.com\/fr\/wp-json\/wp\/v2\/posts\/589471","targetHints":{"allow":["GET"]}}],"collection":[{"href":"https:\/\/www.europesays.com\/fr\/wp-json\/wp\/v2\/posts"}],"about":[{"href":"https:\/\/www.europesays.com\/fr\/wp-json\/wp\/v2\/types\/post"}],"author":[{"embeddable":true,"href":"https:\/\/www.europesays.com\/fr\/wp-json\/wp\/v2\/users\/2"}],"replies":[{"embeddable":true,"href":"https:\/\/www.europesays.com\/fr\/wp-json\/wp\/v2\/comments?post=589471"}],"version-history":[{"count":0,"href":"https:\/\/www.europesays.com\/fr\/wp-json\/wp\/v2\/posts\/589471\/revisions"}],"wp:featuredmedia":[{"embeddable":true,"href":"https:\/\/www.europesays.com\/fr\/wp-json\/wp\/v2\/media\/589472"}],"wp:attachment":[{"href":"https:\/\/www.europesays.com\/fr\/wp-json\/wp\/v2\/media?parent=589471"}],"wp:term":[{"taxonomy":"category","embeddable":true,"href":"https:\/\/www.europesays.com\/fr\/wp-json\/wp\/v2\/categories?post=589471"},{"taxonomy":"post_tag","embeddable":true,"href":"https:\/\/www.europesays.com\/fr\/wp-json\/wp\/v2\/tags?post=589471"}],"curies":[{"name":"wp","href":"https:\/\/api.w.org\/{rel}","templated":true}]}}