{"id":589478,"date":"2025-12-09T23:38:16","date_gmt":"2025-12-09T23:38:16","guid":{"rendered":"https:\/\/www.europesays.com\/fr\/589478\/"},"modified":"2025-12-09T23:38:16","modified_gmt":"2025-12-09T23:38:16","slug":"un-ouvrier-tue-sur-le-chantier-de-la-future-ligne-c-du-metro","status":"publish","type":"post","link":"https:\/\/www.europesays.com\/fr\/589478\/","title":{"rendered":"un ouvrier tu\u00e9 sur le chantier de la future ligne C du m\u00e9tro"},"content":{"rendered":"<p>\n    \u00c9cras\u00e9 par une machine lourde d\u2019une trentaine de tonnes selon La D\u00e9p\u00eache du Midi, l\u2019homme n\u2019aurait pu \u00eatre r\u00e9anim\u00e9 par les secours.<\/p>\n<p class=\"fig-paragraph\">Un ouvrier a \u00e9t\u00e9 tu\u00e9 mardi \u00e0\u00a0<a href=\"http:\/\/www.lefigaro.fr\/politique\/municipales-2026-une-large-coalition-de-gauche-autour-d-un-candidat-ps-a-toulouse-20251204\" data-fig-type=\"NewsFlash\" data-gtm-custom-categorie=\"navigation\" data-gtm-custom-action=\"crossclick\" data-gtm-custom-label=\"Contextuel\" data-gtm-event=\"customEventSPE\" data-fig-domain=\"LEFIGARO\" target=\"_blank\" rel=\"noopener\">Toulouse<\/a>\u00a0lors d&rsquo;un accident sur le chantier de la future<a href=\"http:\/\/www.lefigaro.fr\/societes\/une-operation-gagnant-gagnant-a-toulouse-la-terre-du-metro-est-transformee-en-briques-pour-construire-10-000-maisons-20250606\" data-fig-type=\"Article\" data-gtm-custom-categorie=\"navigation\" data-gtm-custom-action=\"crossclick\" data-gtm-custom-label=\"Contextuel\" data-gtm-event=\"customEventSPE\" data-fig-domain=\"LEFIGARO\" target=\"_blank\" rel=\"noopener\">\u00a0ligne C du m\u00e9tro<\/a>\u00a0de la Ville rose, a indiqu\u00e9 dans un communiqu\u00e9 la r\u00e9gie de transport Tiss\u00e9o.<\/p>\n<p class=\"fig-paragraph\">Selon La D\u00e9p\u00eache du Midi, l&rsquo;homme aurait \u00e9t\u00e9 \u00e9cras\u00e9 par une machine lourde d&rsquo;une trentaine de tonnes et n&rsquo;aurait pu \u00eatre r\u00e9anim\u00e9 par les secours, intervenus \u00abtr\u00e8s rapidement\u00bb selon Tiss\u00e9o.<\/p>\n<p>                                            <a class=\"fig-a11y-skip\" href=\"#fig-a11y-skip-main-inarticle\" data-module=\"a11y-skip\" data-context=\"was @visible\"><br \/>\n    Passer la publicit\u00e9<br \/>\n<\/a>            <\/p>\n<p>                                            \u00abAucun autre bless\u00e9\u00bb<\/p>\n<p class=\"fig-paragraph\">L&rsquo;accident, intervenu en milieu d&rsquo;apr\u00e8s-midi au niveau d&rsquo;une station proche de la gare Matabiau, n&rsquo;a fait \u00abaucun autre bless\u00e9\u00bb, a ajout\u00e9 Tiss\u00e9o, qui annonce la mise en place d&rsquo;une cellule psychologique.<\/p>\n<p class=\"fig-paragraph\">Cette nouvelle ligne de m\u00e9tro doit \u00eatre mise en service en 2028. D\u00e9but\u00e9s fin 2022, ses travaux avaient d\u00e9j\u00e0 connu l&rsquo;effondrement du tablier d&rsquo;un viaduc, en mars 2023 dans la commune voisine de Lab\u00e8ge, qui avait fait un mort et trois bless\u00e9s.<\/p>\n","protected":false},"excerpt":{"rendered":"\u00c9cras\u00e9 par une machine lourde d\u2019une trentaine de tonnes selon La D\u00e9p\u00eache du Midi, l\u2019homme n\u2019aurait pu \u00eatre&hellip;\n","protected":false},"author":2,"featured_media":589479,"comment_status":"","ping_status":"","sticky":false,"template":"","format":"standard","meta":{"footnotes":""},"categories":[2816],"tags":[1111,11,4107,1777,674,1011,27,12,2680,35674,25,2312],"class_list":{"0":"post-589478","1":"post","2":"type-post","3":"status-publish","4":"format-standard","5":"has-post-thumbnail","7":"category-toulouse","8":"tag-actu","9":"tag-actualites","10":"tag-chantier","11":"tag-eu","12":"tag-europe","13":"tag-fr","14":"tag-france","15":"tag-news","16":"tag-occitanie","17":"tag-ouvriers","18":"tag-republique-francaise","19":"tag-toulouse"},"share_on_mastodon":{"url":"https:\/\/pubeurope.com\/@fr\/115692247754936895","error":""},"_links":{"self":[{"href":"https:\/\/www.europesays.com\/fr\/wp-json\/wp\/v2\/posts\/589478","targetHints":{"allow":["GET"]}}],"collection":[{"href":"https:\/\/www.europesays.com\/fr\/wp-json\/wp\/v2\/posts"}],"about":[{"href":"https:\/\/www.europesays.com\/fr\/wp-json\/wp\/v2\/types\/post"}],"author":[{"embeddable":true,"href":"https:\/\/www.europesays.com\/fr\/wp-json\/wp\/v2\/users\/2"}],"replies":[{"embeddable":true,"href":"https:\/\/www.europesays.com\/fr\/wp-json\/wp\/v2\/comments?post=589478"}],"version-history":[{"count":0,"href":"https:\/\/www.europesays.com\/fr\/wp-json\/wp\/v2\/posts\/589478\/revisions"}],"wp:featuredmedia":[{"embeddable":true,"href":"https:\/\/www.europesays.com\/fr\/wp-json\/wp\/v2\/media\/589479"}],"wp:attachment":[{"href":"https:\/\/www.europesays.com\/fr\/wp-json\/wp\/v2\/media?parent=589478"}],"wp:term":[{"taxonomy":"category","embeddable":true,"href":"https:\/\/www.europesays.com\/fr\/wp-json\/wp\/v2\/categories?post=589478"},{"taxonomy":"post_tag","embeddable":true,"href":"https:\/\/www.europesays.com\/fr\/wp-json\/wp\/v2\/tags?post=589478"}],"curies":[{"name":"wp","href":"https:\/\/api.w.org\/{rel}","templated":true}]}}