{"id":589484,"date":"2025-12-09T23:41:12","date_gmt":"2025-12-09T23:41:12","guid":{"rendered":"https:\/\/www.europesays.com\/fr\/589484\/"},"modified":"2025-12-09T23:41:12","modified_gmt":"2025-12-09T23:41:12","slug":"grand-succes-du-festival-davignon-lacrima-de-caroline-guiela-nguyen-arrive-a-marseille","status":"publish","type":"post","link":"https:\/\/www.europesays.com\/fr\/589484\/","title":{"rendered":"Grand succ\u00e8s du Festival d\u2019Avignon, \u00ab\u00a0Lacrima\u00a0\u00bb de Caroline Guiela Nguyen arrive \u00e0 Marseille"},"content":{"rendered":"<p>Il \u00e9tait une fois une princesse d\u2019Angleterre qui voulait la plus belle des robes pour son mariage, dans huit mois. La pi\u00e8ce Lacrima, mise en sc\u00e8ne par <a href=\"https:\/\/www.laprovence.com\/article\/france-monde\/1479506894119516\/caroline-guiela-nguyen-une-soif-de-recits-a-la-tete-du-theatre-national-de-strasbourg\" target=\"_blank\" rel=\"noopener\">Caroline Guiela Nguyen, directrice du Th\u00e9\u00e2tre national de Strasbourg (TNS)<\/a>, d\u00e9marre comme un conte de f\u00e9es, mais ne montrera jamais cette princesse\u00a0: la pi\u00e8ce se concentre en effet sur les travailleurs et travailleuses de l\u2019ombre lanc\u00e9s dans la fabrication de cette robe, \u00e0 Paris, Alen\u00e7on et \u00e0 Mumbai en Inde. Cette plong\u00e9e dans l\u2019univers des petites mains de la haute couture mondialis\u00e9e avait conquis le <a href=\"https:\/\/www.laprovence.com\/article\/culture-loisirs\/1422231221980115\/le-festival-d-avignon-2025-se-devoile-nos-spectacles-coups-de-coeur-a-voir-du-5-au-26-juillet\" target=\"_blank\" rel=\"noopener\">Festival d\u2019Avignon<\/a> \u00e0 sa cr\u00e9ation en\u00a02024. Le spectacle est invit\u00e9 \u00e0 Marseille, \u00e0 La Cri\u00e9e, par le <a href=\"https:\/\/www.laprovence.com\/article\/culture-loisirs\/8777911129097114\/au-theatre-du-gymnase-une-renaissance-prevue-en-septembre-2027\" target=\"_blank\" rel=\"noopener\">Gymnase hors les murs<\/a>.<\/p>\n<p><strong>Votre motivation premi\u00e8re \u00e9tait-elle de montrer l\u2019envers du d\u00e9cor d\u2019un monde glamour, celui de la haute couture\u00a0?<\/strong>&#13;\n<\/p>\n<p>En tout cas, je voulais raconter des personnes totalement ignor\u00e9es. J\u2019ai \u00e9crit Lacrima au moment de la Fashion Week, il y avait un grand int\u00e9r\u00eat pour ces magnifiques \u00e9toffes, les stars qui les portaient. On est face \u00e0 quelque chose d\u2019ultra visibilis\u00e9, mais qu\u2019y a-t-il derri\u00e8re\u00a0? Je me suis int\u00e9ress\u00e9e \u00e0 ce point aveugle. Je me suis rendue \u00e0 Alen\u00e7on pour rencontrer des dentelli\u00e8res, je suis all\u00e9e \u00e0 Mumbai p&#8230;<\/p>\n","protected":false},"excerpt":{"rendered":"Il \u00e9tait une fois une princesse d\u2019Angleterre qui voulait la plus belle des robes pour son mariage, dans&hellip;\n","protected":false},"author":2,"featured_media":589485,"comment_status":"","ping_status":"","sticky":false,"template":"","format":"standard","meta":{"footnotes":""},"categories":[2814],"tags":[17,1111,11,49216,251,850,1777,674,849,1011,27,2515,70261,70260,884,12,882,25,6006],"class_list":{"0":"post-589484","1":"post","2":"type-post","3":"status-publish","4":"format-standard","5":"has-post-thumbnail","7":"category-marseille","8":"tag-17","9":"tag-actu","10":"tag-actualites","11":"tag-caroline","12":"tag-culture","13":"tag-davignon","14":"tag-eu","15":"tag-europe","16":"tag-festival","17":"tag-fr","18":"tag-france","19":"tag-grand","20":"tag-guiela","21":"tag-lacrima","22":"tag-marseille","23":"tag-news","24":"tag-provence-alpes-cote-dazur","25":"tag-republique-francaise","26":"tag-succes"},"share_on_mastodon":{"url":"https:\/\/pubeurope.com\/@fr\/115692259487176001","error":""},"_links":{"self":[{"href":"https:\/\/www.europesays.com\/fr\/wp-json\/wp\/v2\/posts\/589484","targetHints":{"allow":["GET"]}}],"collection":[{"href":"https:\/\/www.europesays.com\/fr\/wp-json\/wp\/v2\/posts"}],"about":[{"href":"https:\/\/www.europesays.com\/fr\/wp-json\/wp\/v2\/types\/post"}],"author":[{"embeddable":true,"href":"https:\/\/www.europesays.com\/fr\/wp-json\/wp\/v2\/users\/2"}],"replies":[{"embeddable":true,"href":"https:\/\/www.europesays.com\/fr\/wp-json\/wp\/v2\/comments?post=589484"}],"version-history":[{"count":0,"href":"https:\/\/www.europesays.com\/fr\/wp-json\/wp\/v2\/posts\/589484\/revisions"}],"wp:featuredmedia":[{"embeddable":true,"href":"https:\/\/www.europesays.com\/fr\/wp-json\/wp\/v2\/media\/589485"}],"wp:attachment":[{"href":"https:\/\/www.europesays.com\/fr\/wp-json\/wp\/v2\/media?parent=589484"}],"wp:term":[{"taxonomy":"category","embeddable":true,"href":"https:\/\/www.europesays.com\/fr\/wp-json\/wp\/v2\/categories?post=589484"},{"taxonomy":"post_tag","embeddable":true,"href":"https:\/\/www.europesays.com\/fr\/wp-json\/wp\/v2\/tags?post=589484"}],"curies":[{"name":"wp","href":"https:\/\/api.w.org\/{rel}","templated":true}]}}