{"id":589490,"date":"2025-12-09T23:44:22","date_gmt":"2025-12-09T23:44:22","guid":{"rendered":"https:\/\/www.europesays.com\/fr\/589490\/"},"modified":"2025-12-09T23:44:22","modified_gmt":"2025-12-09T23:44:22","slug":"le-camp-doucet-demonte-les-propos-daulas","status":"publish","type":"post","link":"https:\/\/www.europesays.com\/fr\/589490\/","title":{"rendered":"le camp Doucet d\u00e9monte les propos d&rsquo;Aulas"},"content":{"rendered":"<p>                    Par<br \/>\n        <strong><br \/>\n            <a href=\"https:\/\/actu.fr\/auteur\/anthony-soudani\" title=\"Consulter tous les articles de Anthony Soudani\" target=\"_blank\" rel=\"noopener\">Anthony Soudani<\/a><br \/>\n                    <\/strong><\/p>\n<p>        Publi\u00e9 le<\/p>\n<p>            9 d\u00e9c. 2025 \u00e0 17h25        <\/p>\n<p>La <a href=\"https:\/\/actu.fr\/auvergne-rhone-alpes\/lyon_69123\/direct-fete-des-lumieres-a-lyon-8-decembre-illuminations-suivez-la-soiree-de-cloture_63545236.html\" target=\"_blank\" rel=\"noopener\">F\u00eate des Lumi\u00e8res 2025<\/a> s\u2019est transform\u00e9e en terrain de campagne des \u00e9lections municipales \u00e0 Lyon. Le candidat de l\u2019extr\u00eame droite, Alexandre Dupalais (UDR-RN) a multipli\u00e9 les attaques contre <a href=\"https:\/\/actu.fr\/auvergne-rhone-alpes\/lyon_69123\/exclusif-lyon-jean-michel-aulas-repond-sechement-a-la-demande-d-un-debat-de-gregory-doucet_63484770.html\" target=\"_blank\" rel=\"noopener\">Gr\u00e9gory Doucet<\/a> et <a href=\"https:\/\/actu.fr\/auvergne-rhone-alpes\/lyon_69123\/lyon-un-tag-avec-une-cible-visant-jean-michel-aulas-decouvert-la-police-saisie_63530076.html\" target=\"_blank\" rel=\"noopener\">Jean-Michel Aulas<\/a> par rapport aux <a href=\"https:\/\/actu.fr\/auvergne-rhone-alpes\/lyon_69123\/fete-des-lumieres-a-lyon-entre-polemiques-et-avis-negatifs-la-place-des-terreaux-desole_63542987.html\" target=\"_blank\" rel=\"noopener\">pol\u00e9miques place des Terreaux<\/a>. L\u2019ex-pr\u00e9sident de l\u2019OL a, lui, s\u00e9v\u00e8rement <a href=\"https:\/\/actu.fr\/auvergne-rhone-alpes\/lyon_69123\/lyon-jean-michel-aulas-en-campagne-a-la-fete-des-lumieres-j-ai-vu-des-trucs-absurdes_63550529.html\" target=\"_blank\" rel=\"noopener\">tacl\u00e9 les \u0153uvres de la F\u00eate des Lumi\u00e8res<\/a> lors de sa d\u00e9ambulation lundi 8 d\u00e9cembre.<br \/>Trop c\u2019est trop, <strong>le camp du maire sortant \u00e9cologiste contre-attaque<\/strong> ce mardi 9 d\u00e9cembre par la voix de Sandrine Runel, d\u00e9put\u00e9e socialiste.\u00a0<\/p>\n<p>Le camp Doucet accuse Aulas de reprendre les propos de l\u2019extr\u00eame droite<\/p>\n<p class=\" wall-content\">\u00ab\u00a0Les attaques contre la libert\u00e9 de cr\u00e9ation de la F\u00eate des Lumi\u00e8res du camp Aulas reprenant les \u00e9l\u00e9ments de langage du candidat ciottiste Dupalais ne font que confirmer la ligne politique de l\u2019ancien pr\u00e9sident de l\u2019<a href=\"https:\/\/actu.fr\/tag\/olympique-lyonnais-ol\" target=\"_blank\" rel=\"noopener\">OL<\/a> : \u00e0 droite toute\u00a0\u00bb, \u00e9crit l\u2019ancienne adjointe de Gr\u00e9gory Doucet qui si\u00e8ge \u00e0 l\u2019Assembl\u00e9e nationale.<\/p>\n<p class=\" wall-content\">\n<p class=\" wall-content\">Dans l\u2019\u00e9quipe de Gr\u00e9gory Doucet, on r\u00e9agit \u00e0 cette s\u00e9quence de Jean-Michel Aulas. Interrog\u00e9e par actu Lyon ce mardi, elle critique \u00ab une d\u00e9ambulation mise en sc\u00e8ne et inutilement critique \u00bb.<\/p>\n<blockquote class=\"ac-article-quote wall-content\">\n<p>\u00ab\u00a0En critiquant tout et son contraire, Aulas et ses soutiens nous \u00e9clairent davantage sur leur strat\u00e9gie d\u2019opposition en attaquant sans fondement et pol\u00e9miquant sur tout, ils continuent d\u2019ab\u00eemer l\u2019image de la ville (\u2026) La culture n\u2019est pas aux ordres de la commande politique, et la F\u00eate des Lumi\u00e8res doit rester un mod\u00e8le de libert\u00e9 et de valorisation de la cr\u00e9ativit\u00e9 lyonnaise\u00a0\u00bb<\/p>\n<p>    <strong>L&rsquo;entourage de Gr\u00e9gory Doucet<\/strong>\n            <\/p><\/blockquote>\n<p class=\" wall-content\">\n<p>\u00ab\u00a0La supercherie a assez dur\u00e9\u00a0\u00bb<\/p>\n<p class=\" wall-content\">L\u2019union de la gauche et des \u00e9cologistes d\u00e9nonce : \u00ab\u00a0La supercherie a assez dur\u00e9. Les tentatives d\u2019\u00e9nonciation de grands principes auxquelles se livrent <strong>les thurif\u00e9raires de Jean-Michel Aulas pour masquer leur identit\u00e9 politique ne doivent tromper personne<\/strong>. La droite dure veut mettre la main sur Lyon, nous ne les laisserons pas faire et appelons tous les Lyonnais progressistes \u00e0 faire front pour que Lyon reste une ville d\u2019ouverture, de cr\u00e9ation, et de solidarit\u00e9.\u00a0\u00bb<\/p>\n<p class=\" wall-content\">Pour Sandrine Runel, il est clair que Jean-Michel Aulas est le repr\u00e9sentant d\u2019une droite conservatrice. \u00ab\u00a0Aujourd\u2019hui, le vernis craque. La campagne soci\u00e9t\u00e9 civile de Jean-Michel Aulas, est bien port\u00e9e par une droite dure qui pense pouvoir se tapir derri\u00e8re l\u2019image de sa t\u00eate de liste.\u00a0\u00bb<\/p>\n<p class=\" wall-content\">Elle prend en exemple le soutien de Laurent Wauquiez, \u00ab\u00a0qui se disait <a href=\"https:\/\/actu.fr\/auvergne-rhone-alpes\/lyon_69123\/le-rendez-vous-sans-tabous-entre-laurent-wauquiez-et-eric-zemmour-qui-va-faire-parler_63441095.html\" target=\"_blank\" rel=\"noopener\">pr\u00eat \u00e0 soutenir Eric Zemmour<\/a>\u00ab\u00a0, ou encore de B\u00e9atrice de Montille, la directrice de campagne de Jean-Michel Aulas qui soutient David Lisnard, \u00ab\u00a0chantre de la primaire de l\u2019UDI jusqu\u2019\u00e0 Reconqu\u00eate\u00a0\u00bb.<\/p>\n<p>Votre r\u00e9gion, votre actu !<\/p>\n<p>Recevez chaque jour les infos qui comptent pour vous.<\/p>\n<p>\t<a href=\"https:\/\/actu.fr\/newsletter\" class=\"ac-btn ac-btn--corner ac-btn--medium ac-btn--blue800\" target=\"_blank\" rel=\"noopener\">S&rsquo;incrire<\/a><br \/>\n\u00c9tienne Blanc, soutien d\u2019Aulas et de l\u2019union des droites\u2026<\/p>\n<p class=\" wall-content\">Le camp Aulas serait donc le camp de l\u2019union des droites \u00e0 en croire l\u2019union de la gauche et des \u00e9cologistes. Et ce ne sont pas les propos r\u00e9cents d\u2019\u00c9tienne Blanc dans un article de <a href=\"https:\/\/www.publicsenat.fr\/actualites\/politique\/cest-la-survie-de-notre-famille-qui-se-joue-lunion-des-droites-avec-le-rn-travaille-les-lr\" target=\"_blank\" rel=\"noopener\">Public S\u00e9nat<\/a> qui laisseraient entendre le contraire.<\/p>\n<p class=\" wall-content\">\n<p class=\" wall-content\">Le s\u00e9nateur LR, membre du groupe C\u0153ur lyonnais de Jean-Michel Aulas au conseil municipal, assure qu\u2019il n\u2019y a \u00ab\u00a0pas d\u2019autre solution que de rassembler toutes les droites\u00a0\u00bb. Et d\u2019ajouter : \u00ab\u00a0Pour moi, c\u2019est une \u00e9vidence. Le terme d\u2019extr\u00eame droite ne veut plus rien dire.\u00a0\u00bb Une prise de position salu\u00e9e sur X par Alexandre Dupalais, le candidat UDR-RN \u00e0 Lyon\u2026<\/p>\n<p class=\" wall-content\">\n<p>Aulas prend ses distances<\/p>\n<p class=\" wall-content\">Toujours sur X, Jean-Michel Aulas a imm\u00e9diatement pris ses distances : \u00ab\u00a0Toute ma vie, j\u2019ai construit sans jamais c\u00e9der aux extr\u00eames. C\u2019est une question de coh\u00e9rence, d\u2019histoire familiale et personnelle, d\u2019engagements. Je parlerai toujours \u00e0 toutes les Lyonnaises et \u00e0 tous les Lyonnais, sans distinction. Mais jamais, jamais, je ne conclurai le moindre accord avec les extr\u00eames.\u00a0\u00bb<\/p>\n<p class=\" wall-content\">Il conclut : \u00ab\u00a0Lyon, la ville de Jean Moulin, nous rappelle ce que deviennent les soci\u00e9t\u00e9s quand on entrouvre la porte aux d\u00e9rives. L\u2019histoire nous a appris o\u00f9 m\u00e8nent ces renoncements : nous ne les accepterons jamais.\u00a0\u00bb<\/p>\n<p class=\" wall-content\">Personnalisez votre actualit\u00e9 en ajoutant vos villes et m\u00e9dias en favori avec <a href=\"https:\/\/moncompte.actu.fr\" title=\"D\u00e9couvez Mon Actu\" rel=\"nofollow noopener\" data-trk=\"{&quot;cta&quot;:{&quot;action&quot;:&quot;https:\\\/\\\/moncompte.actu.fr&quot;,&quot;category&quot;:&quot;mon compte&quot;,&quot;from&quot;:&quot;article footer&quot;,&quot;name&quot;:&quot;Mon actu&quot;,&quot;type&quot;:&quot;cta&quot;}}\" target=\"_blank\">Mon Actu<\/a>.<\/p>\n","protected":false},"excerpt":{"rendered":"Par Anthony Soudani Publi\u00e9 le 9 d\u00e9c. 2025 \u00e0 17h25 La F\u00eate des Lumi\u00e8res 2025 s\u2019est transform\u00e9e en&hellip;\n","protected":false},"author":2,"featured_media":589491,"comment_status":"","ping_status":"","sticky":false,"template":"","format":"standard","meta":{"footnotes":""},"categories":[1889],"tags":[1111,11,2430,4188,1777,674,1011,27,5226,5227,2428,3434,12,316,25],"class_list":{"0":"post-589490","1":"post","2":"type-post","3":"status-publish","4":"format-standard","5":"has-post-thumbnail","7":"category-lyon","8":"tag-actu","9":"tag-actualites","10":"tag-auvergne-rhone-alpes","11":"tag-elections-municipales","12":"tag-eu","13":"tag-europe","14":"tag-fr","15":"tag-france","16":"tag-gregory-doucet","17":"tag-jean-michel-aulas","18":"tag-lyon","19":"tag-municipales-2026","20":"tag-news","21":"tag-politique","22":"tag-republique-francaise"},"share_on_mastodon":{"url":"https:\/\/pubeurope.com\/@fr\/115692271221082064","error":""},"_links":{"self":[{"href":"https:\/\/www.europesays.com\/fr\/wp-json\/wp\/v2\/posts\/589490","targetHints":{"allow":["GET"]}}],"collection":[{"href":"https:\/\/www.europesays.com\/fr\/wp-json\/wp\/v2\/posts"}],"about":[{"href":"https:\/\/www.europesays.com\/fr\/wp-json\/wp\/v2\/types\/post"}],"author":[{"embeddable":true,"href":"https:\/\/www.europesays.com\/fr\/wp-json\/wp\/v2\/users\/2"}],"replies":[{"embeddable":true,"href":"https:\/\/www.europesays.com\/fr\/wp-json\/wp\/v2\/comments?post=589490"}],"version-history":[{"count":0,"href":"https:\/\/www.europesays.com\/fr\/wp-json\/wp\/v2\/posts\/589490\/revisions"}],"wp:featuredmedia":[{"embeddable":true,"href":"https:\/\/www.europesays.com\/fr\/wp-json\/wp\/v2\/media\/589491"}],"wp:attachment":[{"href":"https:\/\/www.europesays.com\/fr\/wp-json\/wp\/v2\/media?parent=589490"}],"wp:term":[{"taxonomy":"category","embeddable":true,"href":"https:\/\/www.europesays.com\/fr\/wp-json\/wp\/v2\/categories?post=589490"},{"taxonomy":"post_tag","embeddable":true,"href":"https:\/\/www.europesays.com\/fr\/wp-json\/wp\/v2\/tags?post=589490"}],"curies":[{"name":"wp","href":"https:\/\/api.w.org\/{rel}","templated":true}]}}