{"id":589494,"date":"2025-12-09T23:47:15","date_gmt":"2025-12-09T23:47:15","guid":{"rendered":"https:\/\/www.europesays.com\/fr\/589494\/"},"modified":"2025-12-09T23:47:15","modified_gmt":"2025-12-09T23:47:15","slug":"le-candidat-ps-aux-municipales-a-paris-emmanuel-gregoire-favorable-a-une-vente-du-parc-des-princes-au-psg","status":"publish","type":"post","link":"https:\/\/www.europesays.com\/fr\/589494\/","title":{"rendered":"le candidat PS aux municipales \u00e0 Paris Emmanuel Gr\u00e9goire favorable \u00e0 une vente du Parc des Princes au PSG"},"content":{"rendered":"<p class=\"article-p mdl\">Emmanuel Gr\u00e9goire, candidat socialiste \u00e0 la mairie de Paris, s&rsquo;est d\u00e9clar\u00e9 favorable \u00e0 la vente du Parc des Princes au Paris Saint-Germain, affirmant vouloir \u00ab\u00a0sortir des postures pour trouver une issue\u00a0\u00bb et maintenir le club dans la capitale d\u00e8s 2026, dans un entretien diffus\u00e9, ce mardi 9 d\u00e9cembre, par\u00a0<a class=\"link\" href=\"https:\/\/www.lequipe.fr\/Football\/Article\/Emmanuel-gregoire-candidat-ps-a-la-mairie-de-paris-devoile-son-projet-pour-le-parc-des-princes-la-vente-est-une-option-que-je-proposerai-au-conseil-de-paris\/1615763\" target=\"_blank\" rel=\"noopener\">L&rsquo;\u00c9quipe<\/a>.\u00a0<\/p>\n<p class=\"article-p mdl\">Tandis les n\u00e9gociations sont actuellement au point mort, l&rsquo;ancien premier adjoint d&rsquo;Anne Hidalgo souhaite soumettre \u00ab\u00a0deux options\u00a0\u00bb au Conseil de Paris pour d\u00e9bloquer la situation. La premi\u00e8re \u00e9tant la mise en place d&rsquo;un bail de longue dur\u00e9e et la seconde, une cession pure et simple de l&rsquo;enceinte. \u00ab\u00a0Oui, Maire, la vente est une option que je proposerai au Conseil de Paris\u00a0\u00bb, assure l&rsquo;\u00e9lu, marquant une rupture avec la ligne actuelle de la municipalit\u00e9.\u00a0<\/p>\n<p class=\"article-p mdl\">La ville est en froid depuis plusieurs ann\u00e9es avec les dirigeants du PSG, qui souhaitaient racheter le stade pour mener \u00e0 bien leurs travaux d&rsquo;am\u00e9nagement et d&rsquo;agrandissement, afin notamment de passer d&rsquo;une jauge de 48.000 \u00e0 60.000 places.\u00a0<\/p>\n<p>            Un projet de \u00ab\u00a0Nouveau Parc des Princes\u00a0\u00bb<\/p>\n<p class=\"article-p mdl\">Face au refus persistant de la mairie, le patron qatari du PSG Nasser Al-Khela\u00effi avait annonc\u00e9 en f\u00e9vrier 2024 vouloir quitter la capitale. Dix sites franciliens avaient alors manifest\u00e9 leur int\u00e9r\u00eat pour accueillir le club. Cette \u00e9ventuelle cession serait toutefois encadr\u00e9e par des clauses strictes, interdisant notamment le \u00ab\u00a0naming\u00a0\u00bb pour pr\u00e9server l&rsquo;appellation \u00ab\u00a0Parc des Princes\u00a0\u00bb et obligeant le site \u00e0 rester un stade de football, m\u00eame en cas de faillite du club ou de revente par l&rsquo;actionnaire. La Ville conserverait par ailleurs un \u00ab\u00a0droit prioritaire de rachat\u00a0\u00bb et exigerait une protection patrimoniale du b\u00e2ti.\u00a0<\/p>\n<p class=\"article-p mdl\">Au-del\u00e0 du stade, Emmanuel Gr\u00e9goire dit porter un projet de \u00ab\u00a0Nouveau Parc des Princes\u00a0\u00bb incluant la couverture d&rsquo;une partie du p\u00e9riph\u00e9rique pour cr\u00e9er un jardin et le d\u00e9veloppement d&rsquo;une zone commerciale \u00e0 la Porte de Saint-Cloud pour augmenter les revenus du club.\u00a0<\/p>\n<p class=\"article-p mdl\">Ce programme immobilier permettrait au PSG de d\u00e9velopper des activit\u00e9s \u00e9conomiques (mus\u00e9e, loisirs) tout en finan\u00e7ant la r\u00e9novation d&rsquo;\u00e9quipements sportifs de proximit\u00e9, comme des gymnases souterrains. \u00ab\u00a0Je souhaite dire aux Parisiennes et Parisiens qui souhaitent que le PSG reste au Parc des Princes que c&rsquo;est possible\u00a0\u00bb, conclut le candidat, qui esp\u00e8re concr\u00e9tiser ce projet \u00ab\u00a0d\u00e8s 2026\u00a0\u00bb.\u00a0<\/p>\n<p>    La r\u00e9daction vous recommande<\/p>\n<p class=\"s-newsletter__title\">\n                L\u2019actualit\u00e9 par la r\u00e9daction de RTL dans votre bo\u00eete mail.\n            <\/p>\n<p class=\"s-newsletter__subtitle\">\n                Gr\u00e2ce \u00e0 votre compte RTL abonnez-vous \u00e0 la newsletter RTL info pour suivre toute l&rsquo;actualit\u00e9 au quotidien\n            <\/p>\n<p>\n                                    Lire la suite\n                                <\/p>\n","protected":false},"excerpt":{"rendered":"Emmanuel Gr\u00e9goire, candidat socialiste \u00e0 la mairie de Paris, s&rsquo;est d\u00e9clar\u00e9 favorable \u00e0 la vente du Parc des&hellip;\n","protected":false},"author":2,"featured_media":589495,"comment_status":"","ping_status":"","sticky":false,"template":"","format":"standard","meta":{"footnotes":""},"categories":[1888],"tags":[1111,1928,11,1927,34756,1777,674,107,2619,1011,27,12,1926,626,1925,91,3541,25],"class_list":{"0":"post-589494","1":"post","2":"type-post","3":"status-publish","4":"format-standard","5":"has-post-thumbnail","7":"category-paris","8":"tag-actu","9":"tag-actu-paris","10":"tag-actualites","11":"tag-actualites-paris","12":"tag-elections-municipales-a-paris","13":"tag-eu","14":"tag-europe","15":"tag-fil-info","16":"tag-fil-sport","17":"tag-fr","18":"tag-france","19":"tag-news","20":"tag-news-paris","21":"tag-paris","22":"tag-paris-news","23":"tag-paris-saint-germain","24":"tag-parti-socialiste","25":"tag-republique-francaise"},"share_on_mastodon":{"url":"https:\/\/pubeurope.com\/@fr\/115692283154117146","error":""},"_links":{"self":[{"href":"https:\/\/www.europesays.com\/fr\/wp-json\/wp\/v2\/posts\/589494","targetHints":{"allow":["GET"]}}],"collection":[{"href":"https:\/\/www.europesays.com\/fr\/wp-json\/wp\/v2\/posts"}],"about":[{"href":"https:\/\/www.europesays.com\/fr\/wp-json\/wp\/v2\/types\/post"}],"author":[{"embeddable":true,"href":"https:\/\/www.europesays.com\/fr\/wp-json\/wp\/v2\/users\/2"}],"replies":[{"embeddable":true,"href":"https:\/\/www.europesays.com\/fr\/wp-json\/wp\/v2\/comments?post=589494"}],"version-history":[{"count":0,"href":"https:\/\/www.europesays.com\/fr\/wp-json\/wp\/v2\/posts\/589494\/revisions"}],"wp:featuredmedia":[{"embeddable":true,"href":"https:\/\/www.europesays.com\/fr\/wp-json\/wp\/v2\/media\/589495"}],"wp:attachment":[{"href":"https:\/\/www.europesays.com\/fr\/wp-json\/wp\/v2\/media?parent=589494"}],"wp:term":[{"taxonomy":"category","embeddable":true,"href":"https:\/\/www.europesays.com\/fr\/wp-json\/wp\/v2\/categories?post=589494"},{"taxonomy":"post_tag","embeddable":true,"href":"https:\/\/www.europesays.com\/fr\/wp-json\/wp\/v2\/tags?post=589494"}],"curies":[{"name":"wp","href":"https:\/\/api.w.org\/{rel}","templated":true}]}}