{"id":589498,"date":"2025-12-09T23:49:15","date_gmt":"2025-12-09T23:49:15","guid":{"rendered":"https:\/\/www.europesays.com\/fr\/589498\/"},"modified":"2025-12-09T23:49:15","modified_gmt":"2025-12-09T23:49:15","slug":"a-levallois-comment-une-nourrice-a-terrifie-ses-employeurs-juifs","status":"publish","type":"post","link":"https:\/\/www.europesays.com\/fr\/589498\/","title":{"rendered":"\u00e0 Levallois, comment une nourrice a terrifi\u00e9 ses employeurs juifs"},"content":{"rendered":"<p>                    Par<br \/>\n        <strong><br \/>\n            <a href=\"https:\/\/actu.fr\/auteur\/antoine-blanchet\" title=\"Consulter tous les articles de Antoine Blanchet\" target=\"_blank\" rel=\"noopener\">Antoine Blanchet<\/a><br \/>\n                    <\/strong><\/p>\n<p>        Publi\u00e9 le<\/p>\n<p>            9 d\u00e9c. 2025 \u00e0 21h10        <\/p>\n<p>On l\u2019accuse d\u2019avoir vers\u00e9 du d\u00e9tergent dans des aliments. Elle affirme avoir les mains propres. Voil\u00e0 le spectacle peu banal qui s\u2019est jou\u00e9 ce mardi 9\u00a0septembre 2025 devant le <a href=\"https:\/\/actu.fr\/tag\/tribunal-de-nanterre\" target=\"_blank\" rel=\"noopener\">tribunal correctionnel de Nanterre<\/a>. Dans le box des pr\u00e9venus, Le\u00efla Y.. Cette nourrice de 42\u00a0ans au regard perdu compara\u00eet pour des faits graves. Elle aurait <a href=\"https:\/\/actu.fr\/ile-de-france\/levallois-perret_92044\/hauts-de-seine-une-nourrice-poursuivie-pour-avoir-intoxique-un-couple-juif-avec-des-produits-chimiques_63549531.html\" target=\"_blank\" rel=\"noopener\">empoisonn\u00e9 ses anciens employeurs dans leur appartement<\/a> de <a href=\"https:\/\/actu.fr\/ile-de-france\/levallois-perret_92044\" target=\"_blank\" rel=\"noopener\">Levallois-Perret<\/a> (<a href=\"https:\/\/actu.fr\/ile-de-france\/hauts-de-seine_92\" target=\"_blank\" rel=\"noopener\">Hauts-de-Seine<\/a>). Le poison parfum\u00e9 des produits m\u00e9nagers a pu en cacher un autre aux effluves plus rances. Celui de <strong>l\u2019antis\u00e9mitisme <\/strong>contre la famille juive intoxiqu\u00e9e. Cette circonstance aggravante a \u00e9t\u00e9 retenue par les investigations.<\/p>\n<p>Un parfum de d\u00e9lit<\/p>\n<p class=\" wall-content\">La proc\u00e9dure commence par une odeur de Javel. Le 26 janvier 2024, c\u2019est shabbat pour la famille T.. On se sert du vin rouge, d\u00e9j\u00e0 ouvert dans le frigo. Robe opaque, ar\u00f4me parfum\u00e9, go\u00fbt de d\u00e9tachant. La d\u00e9gustation vire \u00e0 la suspicion. Peu apr\u00e8s, nouvelle \u00e9tranget\u00e9. La m\u00e8re de la famille utilise du d\u00e9maquillant. Le produit br\u00fble ses yeux. L\u00e0 encore, un relent parfum\u00e9. Trois jours apr\u00e8s, l\u2019odeur ne s\u2019estompe pas. Le plat de p\u00e2tes et le whisky surprennent le palais. Le jus de raisin alerte les narines.<\/p>\n<p class=\" wall-content\">Ce quotidien javelis\u00e9 pousse la famille \u00e0 se rendre au commissariat. Selon les deux victimes, une seule personne \u00e9tait pr\u00e9sente lors de ces jours inqui\u00e9tants. Il s\u2019agit de Le\u00efla Y.. La nourrice s\u2019occupe depuis plusieurs mois des enfants. Elle leur donne le bain, joue avec eux, leur lit des histoires. Les enqu\u00eateurs investiguent d\u2019abord sur les produits odorif\u00e8res. Expertise et contre-expertise parlent\u2009: la composante chimique d\u2019un nettoyant m\u00e9nager pour toilettes est retrouv\u00e9e dans tous les aliments suspects.<\/p>\n<p class=\" wall-content\">La nourrice est plac\u00e9e en garde \u00e0 vue. \u00c0 la premi\u00e8re audition, elle r\u00e9fute tout empoisonnement. \u00c0 la seconde, son discours bifurque \u00e0 180 degr\u00e9s. Elle reconna\u00eet avoir mis du produit savonneux dans le vin. \u00ab\u2009C\u2019\u00e9tait pas pour les tuer. Je l\u2019ai fait car mon employeur n\u2019\u00e9tait pas agr\u00e9able. C\u2019\u00e9tait une blague. Comme un enfant qui met du sel dans un verre d\u2019eau\u2009\u00bb, abonde la jeune femme devant les policiers. M\u00eames aveux lors de son <strong>premier interrogatoire devant le juge d\u2019instruction<\/strong>. \u00ab\u2009J\u2019avais aucune intention de tuer. Je leur pr\u00e9sente mes excuses\u2009\u00bb, regrette-t-elle. \u00c9l\u00e9ment \u00e0 charge suppl\u00e9mentaire\u2009: l\u2019un des enfants de la famille affirme avoir vu la pr\u00e9venue transvaser de l\u2019eau savonneuse dans une bouteille.<\/p>\n<p>Des aveux sous contrainte\u2009?<\/p>\n<p class=\" wall-content\">Mais ce mardi, rien \u00e0 voir. Le\u00efla Y. essaie d\u2019effacer ces charges tenaces avec un spray de d\u00e9n\u00e9gations. \u00ab\u2009L\u2019enqu\u00eateur m\u2019a mis la pression lors de la garde \u00e0 vue. Il m\u2019a dit qu\u2019il avait des preuves. J\u2019\u00e9tais fatigu\u00e9e, j\u2019ai invent\u00e9 cette histoire. Il m\u2019a forc\u00e9\u2009\u00bb, implore la jeune femme d\u2019une voix fi\u00e9vreuse. Selon ses dires, son avocate l\u2019aurait aussi incit\u00e9e \u00e0 se pr\u00e9senter comme une Locuste domestique.<\/p>\n<p class=\" wall-content\">Le pr\u00e9sident ne se laisse pas prendre par ces paroles d\u00e9tergentes de culpabilit\u00e9. \u00ab\u2009Vous dites que vous avez \u00e9t\u00e9 contrainte, mais votre avocate qui \u00e9tait pr\u00e9sente, n\u2019a rien relev\u00e9\u2009\u00bb. La pr\u00e9venue maintient son cap. Sa voix se fait de plus en plus tremblante au fil des questions. Encore plus lorsqu\u2019un des avocats de la famille l\u2019informe que l\u2019audition a \u00e9t\u00e9 film\u00e9e, en raison du <strong>caract\u00e8re criminel de l\u2019infraction<\/strong> retenu dans un premier temps. Autre \u00e9l\u00e9ment qui interroge\u2009: en deux ans de <strong>d\u00e9tention provisoire<\/strong>, la nourrice n\u2019a jamais fait de demandes de remise en libert\u00e9. Elle explique avoir tent\u00e9 en vain. \u00ab\u2009J\u2019ai perdu deux ans de ma vie\u2009\u00bb, se lamente-t-elle. Seul \u00e9l\u00e9ment reconnu par l\u2019int\u00e9ress\u00e9e\u2009: avoir falsifi\u00e9 sa carte d\u2019identit\u00e9.<\/p>\n<p>La question de l\u2019antis\u00e9mitisme<\/p>\n<p class=\" wall-content\">Le mobile est tout aussi n\u00e9buleux. Selon les aveux r\u00e9tract\u00e9s de la nourrice, d\u00e9crite comme immature par l\u2019expert psychologue, un conflit financier avec ses employeurs pourrait l\u2019avoir conduite \u00e0 cet empoisonnement. Peu de temps avant les faits, elle avait r\u00e9clam\u00e9 <strong>un euro suppl\u00e9mentaire<\/strong> pour son tarif horaire. Le juge d\u2019instruction est all\u00e9 plus loin. La \u00ab\u2009<a href=\"https:\/\/actu.fr\/tag\/antisemitisme\" target=\"_blank\" rel=\"noopener\">b\u00eate immonde<\/a>\u2009\u00bb pourrait avoir guid\u00e9 la main de la jeune femme. Parmi les \u00e9l\u00e9ments \u00e0 charge, des recherches faites sur la religion juive sur internet, mais \u00e9galement cette d\u00e9claration faite par Le\u00efla Y. lors d\u2019une perquisition \u00e0 son domicile. \u00ab\u2009Ils ont de l\u2019argent et du pouvoir. J\u2019aurais jamais d\u00fb travailler pour une juive. \u00c7a n\u2019a fait que m\u2019apporter des probl\u00e8mes\u2009\u00bb.<\/p>\n<p>Votre r\u00e9gion, votre actu !<\/p>\n<p>Recevez chaque jour les infos qui comptent pour vous.<\/p>\n<p>\t<a href=\"https:\/\/actu.fr\/newsletter\" class=\"ac-btn ac-btn--corner ac-btn--medium ac-btn--blue800\" target=\"_blank\" rel=\"noopener\">S&rsquo;incrire<\/a><\/p>\n<p class=\" wall-content\">D\u2019un air d\u00e9sol\u00e9, la jeune femme reconna\u00eet depuis le box avoir prof\u00e9r\u00e9 ces mots sous le coup de la col\u00e8re. \u00ab\u2009Je suis chr\u00e9tienne berb\u00e8re. Je suis tol\u00e9rante. Je ne suis pas raciste\u2009\u00bb, affirme-t-elle. \u00ab\u2009Mais pendant l\u2019enqu\u00eate, vous dites que vous \u00eates musulmane et ne buvez pas d\u2019alcool. On ne comprend pas. De quelle religion \u00eates-vous\u2009?\u2009\u00bb, lui demande l\u2019un des avocats des parties civiles. Silence de la pr\u00e9venue. L\u2019embrouillamini spirituel est total.<\/p>\n<p>\u00ab\u2009C\u2019est la peur\u2009\u00bb<\/p>\n<p class=\" wall-content\">S\u2019il n\u2019a pas occasionn\u00e9 de blessures au sein de la famille T., le produit chimique a jou\u00e9 un r\u00f4le de catalyseur de terreur. \u00ab\u2009J\u2019ai craint pour ma vie\u2009\u00bb, souffle \u00e0 la barre la m\u00e8re de famille, qui s\u2019est vue octroyer <strong>21\u00a0jours d\u2019incapacit\u00e9 totale de travail<\/strong> au vu du retentissement psychologique. Aux juges, elle raconte cet instant fatidique du 26\u00a0janvier 2024 o\u00f9 elle prend conscience qu\u2019elle pourrait avoir \u00e9t\u00e9 empoisonn\u00e9e. \u00ab\u2009C\u2019est la peur. Je suis all\u00e9e voir si mes enfants respiraient. J\u2019ai pass\u00e9 la nuit sur le fauteuil devant la porte avec la poussette devant par crainte qu\u2019elle revienne\u2009\u00bb, rembobine-t-elle. Depuis, l\u2019angoisse est toujours pr\u00e9sente. Dans la famille, on ne dort pas, ou on fait des cauchemars. \u00ab\u2009On a peur de ce qu\u2019on peut ing\u00e9rer\u2009\u00bb, d\u00e9clare la m\u00e8re de famille.<\/p>\n<p>Trois ans de prison requis<\/p>\n<p class=\" wall-content\">Pour les avocats des parties civiles et le procureur, il n\u2019y a aucun doute\u2009: l\u2019acte commis par la nourrice au <strong>casier vierge<\/strong> est bien <a href=\"https:\/\/actu.fr\/tag\/antisemitisme\" target=\"_blank\" rel=\"noopener\">antis\u00e9mite<\/a>. \u00ab\u2009Ses pens\u00e9es v\u00e9ritables, ce sont ses recherches sur internet. Les juifs, les f\u00eates juives\u2026 Cette obsession la nourrit\u2009\u00bb, fustige <strong>Me Patrick Klugman<\/strong>, avocat de la famille. \u00ab\u2009Tout est cibl\u00e9 en raison de la religion. Le vin pour le shabbat. Le jus de raisin de marque J\u00e9rusalem\u2009\u00bb, liste le procureur, qui \u00e9voque un \u00ab\u2009latent\u2009\u00bb ayant conduit \u00e0 ces \u00ab\u2009faits sordides\u2009\u00bb. Le syncr\u00e9tisme houleux \u00e9voqu\u00e9 par la pr\u00e9venue serait aussi une strat\u00e9gie de d\u00e9fense selon le minist\u00e8re public.<\/p>\n<p class=\" wall-content\">\u00ab\u2009La soci\u00e9t\u00e9 que je repr\u00e9sente en a plus qu\u2019assez de ces gens qui en attaquent d\u2019autres en raison de leur simple religion\u2009\u00bb, s\u2019\u00e9nerve le magistrat. Il demande une lourde peine. <strong>Trois ans de prison avec maintien en d\u00e9tention<\/strong>, ainsi qu\u2019une interdiction de territoire fran\u00e7ais pendant 10\u00a0ans.<\/p>\n<p class=\" wall-content\">L\u2019audience a \u00e9t\u00e9 mise en d\u00e9lib\u00e9r\u00e9 pour le 18\u00a0d\u00e9cembre.<\/p>\n<p class=\" wall-content\">Personnalisez votre actualit\u00e9 en ajoutant vos villes et m\u00e9dias en favori avec <a href=\"https:\/\/moncompte.actu.fr\" title=\"D\u00e9couvez Mon Actu\" rel=\"nofollow noopener\" data-trk=\"{&quot;cta&quot;:{&quot;action&quot;:&quot;https:\\\/\\\/moncompte.actu.fr&quot;,&quot;category&quot;:&quot;mon compte&quot;,&quot;from&quot;:&quot;article footer&quot;,&quot;name&quot;:&quot;Mon actu&quot;,&quot;type&quot;:&quot;cta&quot;}}\" target=\"_blank\">Mon Actu<\/a>.<\/p>\n","protected":false},"excerpt":{"rendered":"Par Antoine Blanchet Publi\u00e9 le 9 d\u00e9c. 2025 \u00e0 21h10 On l\u2019accuse d\u2019avoir vers\u00e9 du d\u00e9tergent dans des&hellip;\n","protected":false},"author":2,"featured_media":589499,"comment_status":"","ping_status":"","sticky":false,"template":"","format":"standard","meta":{"footnotes":""},"categories":[1888],"tags":[11,6155,1777,674,118,1011,27,303,12,626,2694,25],"class_list":{"0":"post-589498","1":"post","2":"type-post","3":"status-publish","4":"format-standard","5":"has-post-thumbnail","7":"category-paris","8":"tag-actualites","9":"tag-antisemitisme","10":"tag-eu","11":"tag-europe","12":"tag-faits-divers","13":"tag-fr","14":"tag-france","15":"tag-justice","16":"tag-news","17":"tag-paris","18":"tag-proces","19":"tag-republique-francaise"},"share_on_mastodon":{"url":"https:\/\/pubeurope.com\/@fr\/115692291355185079","error":""},"_links":{"self":[{"href":"https:\/\/www.europesays.com\/fr\/wp-json\/wp\/v2\/posts\/589498","targetHints":{"allow":["GET"]}}],"collection":[{"href":"https:\/\/www.europesays.com\/fr\/wp-json\/wp\/v2\/posts"}],"about":[{"href":"https:\/\/www.europesays.com\/fr\/wp-json\/wp\/v2\/types\/post"}],"author":[{"embeddable":true,"href":"https:\/\/www.europesays.com\/fr\/wp-json\/wp\/v2\/users\/2"}],"replies":[{"embeddable":true,"href":"https:\/\/www.europesays.com\/fr\/wp-json\/wp\/v2\/comments?post=589498"}],"version-history":[{"count":0,"href":"https:\/\/www.europesays.com\/fr\/wp-json\/wp\/v2\/posts\/589498\/revisions"}],"wp:featuredmedia":[{"embeddable":true,"href":"https:\/\/www.europesays.com\/fr\/wp-json\/wp\/v2\/media\/589499"}],"wp:attachment":[{"href":"https:\/\/www.europesays.com\/fr\/wp-json\/wp\/v2\/media?parent=589498"}],"wp:term":[{"taxonomy":"category","embeddable":true,"href":"https:\/\/www.europesays.com\/fr\/wp-json\/wp\/v2\/categories?post=589498"},{"taxonomy":"post_tag","embeddable":true,"href":"https:\/\/www.europesays.com\/fr\/wp-json\/wp\/v2\/tags?post=589498"}],"curies":[{"name":"wp","href":"https:\/\/api.w.org\/{rel}","templated":true}]}}