{"id":589500,"date":"2025-12-09T23:50:29","date_gmt":"2025-12-09T23:50:29","guid":{"rendered":"https:\/\/www.europesays.com\/fr\/589500\/"},"modified":"2025-12-09T23:50:29","modified_gmt":"2025-12-09T23:50:29","slug":"paris-sempare-du-trone-parisbasketball","status":"publish","type":"post","link":"https:\/\/www.europesays.com\/fr\/589500\/","title":{"rendered":"Paris s\u2019empare du tr\u00f4ne\u00a0 &#8211; ParisBasketball"},"content":{"rendered":"<p><strong><strong>Au terme d\u2019une US Night de folie devant pr\u00e8s de 5 000 spectateurs, le Paris Basketball s\u2019impose tranquillement face au Portel (110-80) et prend par la m\u00eame occasion les commandes de la Betclic \u00c9LITE.<\/strong><\/strong><\/p>\n<p>La meilleure attaque de l\u2019Hexagone ne s\u2019arr\u00eate plus. Seule \u00e9quipe du championnat \u00e0 6 victoires d\u2019affil\u00e9e, le Paris Basketball accueillait ce mardi soir Le Portel, deux jours seulement apr\u00e8s sa d\u00e9monstration contre\u00a0<a href=\"https:\/\/parisbasketball.com\/2025\/12\/reservez-vos-places-pour-lus-night\/\" target=\"_blank\" rel=\"noopener\">Saint-Quentin<\/a>\u00a0(99-69).<\/p>\n<p>Plong\u00e9e d\u2019embl\u00e9e dans une grosse bataille physique, la ligne arri\u00e8re parisienne r\u00e9pond du tac au tac au gros secteur int\u00e9rieur des visiteurs. \u00c9touffant sans ballon durant l\u2019ensemble de la 1\u00e8re mi-temps, Paris provoque\u2026 15 pertes de balles ! Un atout de taille, d\u2019autant plus que les co\u00e9quipiers d\u2019un Lamar Stevens \u00e0 10 points et 5 rebonds en 8 minutes excellent en transition.<\/p>\n<p>Bien que\u00a0les Nordistes\u00a0fassent mal au poste, ces derniers ne parviennent \u00e0 contenir le rythme effr\u00e9n\u00e9 impos\u00e9 par le Paris Basketball. Ce +13 cumul\u00e9 par nos joueurs au retour des vestiaires (53-30) s\u2019accro\u00eet au fil des interceptions, pour au final atteindre le score de (110-80). Ce pr\u00e9cieux triomphe permet \u00e0 Paris d\u2019occuper le tr\u00f4ne de la Betclic \u00c9LITE pour la toute premi\u00e8re fois de la saison.<\/p>\n<p><img loading=\"lazy\" decoding=\"async\" width=\"1080\" height=\"1080\" src=\"https:\/\/www.europesays.com\/fr\/wp-content\/uploads\/2025\/12\/Sans-titre-1-7.png\" alt=\"\" class=\"wp-image-51756 size-full\"  \/><\/p>\n<p>Pas le temps de se reposer dans la capitale ! D\u00e8s jeudi, le Paris Basketball recevra le \u017dalgiris Kaunas de Sylvain Francisco. R\u00e9servez vos places tant qu\u2019il est encore temps en cliquant sur ce <a href=\"https:\/\/www.ticketmaster.fr\/fr\/manifestation\/paris-basketball-vs-zalgiris-kaunas-billet\/idmanif\/639348\/idtier\/38817285\" target=\"_blank\" rel=\"noreferrer noopener\">lien<\/a>.<\/p>\n<blockquote class=\"instagram-media\" data-instgrm-captioned=\"\" data-instgrm-permalink=\"https:\/\/www.instagram.com\/p\/DSDvi3xjEkB\/?utm_source=ig_embed&amp;utm_campaign=loading\" data-instgrm-version=\"14\" style=\" background:#FFF; border:0; border-radius:3px; box-shadow:0 0 1px 0 rgba(0,0,0,0.5),0 1px 10px 0 rgba(0,0,0,0.15); margin: 1px; max-width:540px; min-width:326px; padding:0; width:99.375%; width:-webkit-calc(100% - 2px); width:calc(100% - 2px);\"\/>\n<p>\t\t<script async src=\"\/\/www.instagram.com\/embed.js\"><\/script><\/p>\n","protected":false},"excerpt":{"rendered":"Au terme d\u2019une US Night de folie devant pr\u00e8s de 5 000 spectateurs, le Paris Basketball s\u2019impose tranquillement&hellip;\n","protected":false},"author":2,"featured_media":589501,"comment_status":"","ping_status":"","sticky":false,"template":"","format":"standard","meta":{"footnotes":""},"categories":[1888],"tags":[11,1777,674,1011,27,12,626,25],"class_list":{"0":"post-589500","1":"post","2":"type-post","3":"status-publish","4":"format-standard","5":"has-post-thumbnail","7":"category-paris","8":"tag-actualites","9":"tag-eu","10":"tag-europe","11":"tag-fr","12":"tag-france","13":"tag-news","14":"tag-paris","15":"tag-republique-francaise"},"share_on_mastodon":{"url":"https:\/\/pubeurope.com\/@fr\/115692296086480004","error":""},"_links":{"self":[{"href":"https:\/\/www.europesays.com\/fr\/wp-json\/wp\/v2\/posts\/589500","targetHints":{"allow":["GET"]}}],"collection":[{"href":"https:\/\/www.europesays.com\/fr\/wp-json\/wp\/v2\/posts"}],"about":[{"href":"https:\/\/www.europesays.com\/fr\/wp-json\/wp\/v2\/types\/post"}],"author":[{"embeddable":true,"href":"https:\/\/www.europesays.com\/fr\/wp-json\/wp\/v2\/users\/2"}],"replies":[{"embeddable":true,"href":"https:\/\/www.europesays.com\/fr\/wp-json\/wp\/v2\/comments?post=589500"}],"version-history":[{"count":0,"href":"https:\/\/www.europesays.com\/fr\/wp-json\/wp\/v2\/posts\/589500\/revisions"}],"wp:featuredmedia":[{"embeddable":true,"href":"https:\/\/www.europesays.com\/fr\/wp-json\/wp\/v2\/media\/589501"}],"wp:attachment":[{"href":"https:\/\/www.europesays.com\/fr\/wp-json\/wp\/v2\/media?parent=589500"}],"wp:term":[{"taxonomy":"category","embeddable":true,"href":"https:\/\/www.europesays.com\/fr\/wp-json\/wp\/v2\/categories?post=589500"},{"taxonomy":"post_tag","embeddable":true,"href":"https:\/\/www.europesays.com\/fr\/wp-json\/wp\/v2\/tags?post=589500"}],"curies":[{"name":"wp","href":"https:\/\/api.w.org\/{rel}","templated":true}]}}