{"id":589509,"date":"2025-12-09T23:56:36","date_gmt":"2025-12-09T23:56:36","guid":{"rendered":"https:\/\/www.europesays.com\/fr\/589509\/"},"modified":"2025-12-09T23:56:36","modified_gmt":"2025-12-09T23:56:36","slug":"trois-hommes-juges-pour-espionnage-au-profit-de-moscou-2","status":"publish","type":"post","link":"https:\/\/www.europesays.com\/fr\/589509\/","title":{"rendered":"trois hommes jug\u00e9s pour espionnage au profit de Moscou"},"content":{"rendered":"<p>Un Russe, un Ukrainien et un Arm\u00e9nien sont jug\u00e9s depuis mardi <a href=\"https:\/\/www.parismatch.com\/dossiers\/allemagne\" rel=\"nofollow noopener\" target=\"_blank\">en Allemagne<\/a>, accus\u00e9s d\u2019avoir espionn\u00e9 pour le compte de Moscou un ancien soldat de l\u2019arm\u00e9e ukrainienne en vue d\u2019un \u00e9ventuel assassinat.<\/p>\n<p>Selon le parquet f\u00e9d\u00e9ral, comp\u00e9tent pour les affaires d\u2019espionnage, l\u2019Arm\u00e9nien Vardges Il aurait \u00e9t\u00e9 charg\u00e9 d\u00e9but mai\u00a02024 par les services secrets russes d\u2019espionner l\u2019ex-militaire, qui avait combattu la Russie \u00e0 partir de f\u00e9vrier\u00a02022 et r\u00e9sidait en Allemagne. Il aurait recrut\u00e9 les deux autres accus\u00e9s, l\u2019Ukrainien Robert A. et le Russe Arman S..<\/p>\n<p>En entrant dans la salle d\u2019audience de Francfort, les trois accus\u00e9s affichaient confiance et d\u00e9fi, Vardges arborant un large sourire et Robert A. levant le pouce et tirant la langue \u00e0 la cour. Deux d\u2019entre eux se sont serr\u00e9 la main en attendant le troisi\u00e8me. Leur proc\u00e8s doit durer trois mois et demi, jusqu\u2019au jeudi 26\u00a0mars 2026.<\/p>\n<p>\u00ab\u00a0La victime s\u2019\u00e9tait elle-m\u00eame adress\u00e9e \u00e0 la police en Allemagne\u00a0\u00bb<\/p>\n<p>L\u2019op\u00e9ration dont ils sont accus\u00e9s pourrait avoir \u00e9t\u00e9 motiv\u00e9e par \u00ab\u00a0le fait que la victime, c\u2019est-\u00e0-dire l\u2019homme qui \u00e9tait espionn\u00e9, est accus\u00e9e par la Russie d\u2019avoir particip\u00e9 \u00e0 des crimes de guerre contre des soldats russes en Ukraine\u00a0\u00bb, a d\u00e9clar\u00e9 Ines Peterson, porte-parole du minist\u00e8re public f\u00e9d\u00e9ral, \u00e0 l\u2019ouverture du proc\u00e8s.<\/p>\n<p>\u00ab\u00a0La victime s\u2019\u00e9tait elle-m\u00eame adress\u00e9e \u00e0 la police ici en Allemagne et avait d\u00e9clar\u00e9 qu\u2019elle soup\u00e7onnait \u00eatre espionn\u00e9e par les services secrets russes\u00a0\u00bb, a-t-elle ajout\u00e9. Le 19\u00a0juin, les trois accus\u00e9s avaient organis\u00e9 une rencontre \u00ab\u00a0sous un faux pr\u00e9texte\u00a0\u00bb avec leur cible dans un caf\u00e9 du centre-ville de Francfort (ouest). Il s\u2019agissait alors \u00ab\u00a0d\u2019obtenir davantage d\u2019informations \u00e0 son sujet\u00a0\u00bb.<\/p>\n<p>Mais l\u2019homme s\u2019\u00e9tait m\u00e9fi\u00e9 et avait pr\u00e9alablement contact\u00e9 la police allemande, qui a arr\u00eat\u00e9 en juin\u00a02024 les trois hommes, depuis en d\u00e9tention. La rencontre pr\u00e9vue avec la cible aurait probablement servi \u00e0 \u00ab\u00a0pr\u00e9parer d\u2019autres op\u00e9rations des services secrets en Allemagne, pouvant aller jusqu\u2019\u00e0 l\u2019assassinat de la personne vis\u00e9e\u00a0\u00bb, selon le parquet.<\/p>\n<p>Depuis l\u2019invasion \u00e0 grande \u00e9chelle de l\u2019Ukraine en f\u00e9vrier\u00a02022, Berlin est devenu \u00e0 la fois le plus important soutien europ\u00e9en de Kiev et une cible privil\u00e9gi\u00e9e de campagnes de d\u00e9sinformation, d\u2019actes de sabotage, d\u2019intimidation et d\u2019espionnage, une \u00ab\u00a0guerre hybride\u00a0\u00bb attribu\u00e9e au Kremlin.<\/p>\n<p>Multiples affaires\u00a0<\/p>\n<p>Contact\u00e9e par l\u2019AFP, l\u2019ambassade de Russie \u00e0 Berlin a dit \u00ab\u00a0ne pas intervenir et ne pas commenter les proc\u00e9dures judiciaires en Allemagne\u00a0\u00bb. Elle a ajout\u00e9 ne disposer \u00ab\u00a0d\u2019aucune information fiable que les suspects ont la nationalit\u00e9 russe\u00a0\u00bb.<\/p>\n<p>Ce type de dossiers se multiplie chez les alli\u00e9s europ\u00e9ens de Kiev depuis que la Russie a envahi l\u2019Ukraine. Parmi les affaires r\u00e9centes, un Germano-Russe a \u00e9t\u00e9 condamn\u00e9 fin octobre \u00e0 Munich (sud) \u00e0 six ans de prison, ses deux complices \u00e9copant de peines de prison avec sursis.<\/p>\n<p>Dieter Schmidt a alors \u00e9t\u00e9 jug\u00e9 coupable d\u2019avoir \u00e9chang\u00e9 des informations avec une personne li\u00e9e aux services de renseignement russes pendant plusieurs mois, \u00e0 partir d\u2019octobre\u00a02023, en vue d\u2019\u00e9ventuels actes de sabotage.<\/p>\n<p>Un ancien agent secret allemand est jug\u00e9 depuis deux ans \u00e0 Berlin pour avoir transmis des informations class\u00e9es secr\u00e8tes aux services de s\u00e9curit\u00e9 russes (FSB) \u00e0 l\u2019automne 2022. A la mi-mai, les procureurs ont \u00e9galement annonc\u00e9 l\u2019arrestation de trois Ukrainiens soup\u00e7onn\u00e9s d\u2019avoir planifi\u00e9, l\u00e0 aussi pour le compte de la Russie, des actes de sabotage.<\/p>\n<p>Et le parti prorusse et antimigrants Alternative pour l\u2019Allemagne (AfD), deuxi\u00e8me force politique du pays, est suspect\u00e9e par des \u00e9lus d\u2019autres partis d\u2019abuser de son droit aux questions parlementaires pour r\u00e9colter des informations sur les infrastructures sensibles allemandes pour les transmettre \u00e0 Moscou.<\/p>\n<p>Avant m\u00eame la guerre en Ukraine, Moscou \u00e9tait d\u00e9j\u00e0 suspect\u00e9 de mener des op\u00e9rations clandestines en territoire allemand. La plus connue a \u00e9t\u00e9 l\u2019assassinat, en plein centre de Berlin en 2019, d\u2019un ancien combattant ind\u00e9pendantiste tch\u00e9tch\u00e8ne.<\/p>\n<p>La Russie a d\u00e9menti toute implication dans ce meurtre, malgr\u00e9 les preuves avanc\u00e9es durant le proc\u00e8s. Mais le Kremlin a fini par reconna\u00eetre en 2024 que la personne condamn\u00e9e en Allemagne pour ces faits, Vadim Krassikov, \u00e9tait bien un agent du FSB.<\/p>\n<p>Il a \u00e9t\u00e9 lib\u00e9r\u00e9 cette ann\u00e9e-l\u00e0 dans le cadre d\u2019un \u00e9change de prisonniers entre la Russie et l\u2019Occident. L\u2019int\u00e9ress\u00e9 et d\u2019autres agents russes lib\u00e9r\u00e9s ont \u00e9t\u00e9 accueillis par le pr\u00e9sident russe Vladimir Poutine en personne.<\/p>\n","protected":false},"excerpt":{"rendered":"Un Russe, un Ukrainien et un Arm\u00e9nien sont jug\u00e9s depuis mardi en Allemagne, accus\u00e9s d\u2019avoir espionn\u00e9 pour le&hellip;\n","protected":false},"author":2,"featured_media":589510,"comment_status":"","ping_status":"","sticky":false,"template":"","format":"standard","meta":{"footnotes":""},"categories":[1587],"tags":[11,672,1804,1805,1803,1777,674,1801,12,1802],"class_list":{"0":"post-589509","1":"post","2":"type-post","3":"status-publish","4":"format-standard","5":"has-post-thumbnail","7":"category-allemagne","8":"tag-actualites","9":"tag-allemagne","10":"tag-bundesrepublik-deutschland","11":"tag-de","12":"tag-deutschland","13":"tag-eu","14":"tag-europe","15":"tag-germany","16":"tag-news","17":"tag-republique-federale-dallemagne"},"share_on_mastodon":{"url":"https:\/\/pubeurope.com\/@fr\/115692318469011615","error":""},"_links":{"self":[{"href":"https:\/\/www.europesays.com\/fr\/wp-json\/wp\/v2\/posts\/589509","targetHints":{"allow":["GET"]}}],"collection":[{"href":"https:\/\/www.europesays.com\/fr\/wp-json\/wp\/v2\/posts"}],"about":[{"href":"https:\/\/www.europesays.com\/fr\/wp-json\/wp\/v2\/types\/post"}],"author":[{"embeddable":true,"href":"https:\/\/www.europesays.com\/fr\/wp-json\/wp\/v2\/users\/2"}],"replies":[{"embeddable":true,"href":"https:\/\/www.europesays.com\/fr\/wp-json\/wp\/v2\/comments?post=589509"}],"version-history":[{"count":0,"href":"https:\/\/www.europesays.com\/fr\/wp-json\/wp\/v2\/posts\/589509\/revisions"}],"wp:featuredmedia":[{"embeddable":true,"href":"https:\/\/www.europesays.com\/fr\/wp-json\/wp\/v2\/media\/589510"}],"wp:attachment":[{"href":"https:\/\/www.europesays.com\/fr\/wp-json\/wp\/v2\/media?parent=589509"}],"wp:term":[{"taxonomy":"category","embeddable":true,"href":"https:\/\/www.europesays.com\/fr\/wp-json\/wp\/v2\/categories?post=589509"},{"taxonomy":"post_tag","embeddable":true,"href":"https:\/\/www.europesays.com\/fr\/wp-json\/wp\/v2\/tags?post=589509"}],"curies":[{"name":"wp","href":"https:\/\/api.w.org\/{rel}","templated":true}]}}