{"id":589520,"date":"2025-12-10T00:05:18","date_gmt":"2025-12-10T00:05:18","guid":{"rendered":"https:\/\/www.europesays.com\/fr\/589520\/"},"modified":"2025-12-10T00:05:18","modified_gmt":"2025-12-10T00:05:18","slug":"lpga-q-series-delacour-et-nadaud-decrochent-leur-carte","status":"publish","type":"post","link":"https:\/\/www.europesays.com\/fr\/589520\/","title":{"rendered":"LPGA Q-Series\u00a0: Delacour et Nadaud d\u00e9crochent leur carte"},"content":{"rendered":"<p>Le <strong>LET<\/strong>, justement, <strong>Nastasia Nadaud <\/strong>en a \u00e9t\u00e9 la tr\u00e8s r\u00e9cente t\u00eate d&rsquo;affiche, en remportant la finale du circuit europ\u00e9en il y a dix jours, en Espagne. Sa premi\u00e8re victoire sur un circuit de premi\u00e8re division professionnel, et de quoi faire le plein de confiance avant de s&rsquo;envoler pour l&rsquo;Alabama. Un plein de confiance qui a fini par se voir et se traduire en coups. La joueuse savoyarde a termin\u00e9 \u00e0 la 10e place de cette \u00e9tape finale des Cartes du <strong>LPGA Tour<\/strong>, avec un score total de -8. Partie avec encore un gros tiers du parcours \u00e0 boucler, elle disposait alors de trois coups de marge sur les premi\u00e8res non-qualifi\u00e9es du classement provisoire. Elle s&rsquo;est vite rassur\u00e9e en rentrant deux birdies cons\u00e9cutifs sur les trous 5 et 6 (elle \u00e9tait partie du 10 la veille), et trois pars pour finir.<\/p>\n<p>Une gestion impeccable de son dernier tour en 70 (-2) lui ouvre donc, pour la premi\u00e8re fois de sa carri\u00e8re, les portes du <strong>LPGA Tour<\/strong>. Une promotion qui vient en apoth\u00e9ose d&rsquo;une saison qui a \u00e9t\u00e9 riche en grandes premi\u00e8res et en gros r\u00e9sultats pour <strong>Nastasia Nadaud<\/strong>. Troisi\u00e8me \u00e0 l&rsquo;ordre du m\u00e9rite final du <strong>LET <\/strong>gr\u00e2ce \u00e0 sa victoire au dernier tournoi (classement qui lui a d&rsquo;ailleurs permis l&rsquo;acc\u00e8s direct \u00e0 la finale des Cartes du <strong>LPGA Tour<\/strong>), elle a disput\u00e9 pour la premi\u00e8re fois <strong>The Amundi Evian Championship<\/strong> au mois de juillet dernier, forc\u00e9ment le Majeur le plus cher \u00e0 son c\u0153ur de native de Chamb\u00e9ry. Non seulement \u00e7a, mais elle avait alors r\u00e9gal\u00e9 le public, terminant \u00e0 la 21e place. Elle aura l&rsquo;occasion de c\u00f4toyer les meilleures joueuses du monde de mani\u00e8re beaucoup plus r\u00e9guli\u00e8re en 2026, en \u00e9voluant sur le <strong>LPGA Tour <\/strong>aux c\u00f4t\u00e9s de <strong>Perrine Delacour<\/strong>, et des deux autres Fran\u00e7aises membres permanentes\u00a0: <strong>Pauline Roussin-Bouchard<\/strong>, et bien entendu <strong>C\u00e9line Boutier<\/strong>.<\/p>\n","protected":false},"excerpt":{"rendered":"Le LET, justement, Nastasia Nadaud en a \u00e9t\u00e9 la tr\u00e8s r\u00e9cente t\u00eate d&rsquo;affiche, en remportant la finale du&hellip;\n","protected":false},"author":2,"featured_media":589521,"comment_status":"","ping_status":"","sticky":false,"template":"","format":"standard","meta":{"footnotes":""},"categories":[1418],"tags":[1011,27,1472,60],"class_list":{"0":"post-589520","1":"post","2":"type-post","3":"status-publish","4":"format-standard","5":"has-post-thumbnail","7":"category-golf","8":"tag-fr","9":"tag-france","10":"tag-golf","11":"tag-sports"},"share_on_mastodon":{"url":"https:\/\/pubeurope.com\/@fr\/115692353824482203","error":""},"_links":{"self":[{"href":"https:\/\/www.europesays.com\/fr\/wp-json\/wp\/v2\/posts\/589520","targetHints":{"allow":["GET"]}}],"collection":[{"href":"https:\/\/www.europesays.com\/fr\/wp-json\/wp\/v2\/posts"}],"about":[{"href":"https:\/\/www.europesays.com\/fr\/wp-json\/wp\/v2\/types\/post"}],"author":[{"embeddable":true,"href":"https:\/\/www.europesays.com\/fr\/wp-json\/wp\/v2\/users\/2"}],"replies":[{"embeddable":true,"href":"https:\/\/www.europesays.com\/fr\/wp-json\/wp\/v2\/comments?post=589520"}],"version-history":[{"count":0,"href":"https:\/\/www.europesays.com\/fr\/wp-json\/wp\/v2\/posts\/589520\/revisions"}],"wp:featuredmedia":[{"embeddable":true,"href":"https:\/\/www.europesays.com\/fr\/wp-json\/wp\/v2\/media\/589521"}],"wp:attachment":[{"href":"https:\/\/www.europesays.com\/fr\/wp-json\/wp\/v2\/media?parent=589520"}],"wp:term":[{"taxonomy":"category","embeddable":true,"href":"https:\/\/www.europesays.com\/fr\/wp-json\/wp\/v2\/categories?post=589520"},{"taxonomy":"post_tag","embeddable":true,"href":"https:\/\/www.europesays.com\/fr\/wp-json\/wp\/v2\/tags?post=589520"}],"curies":[{"name":"wp","href":"https:\/\/api.w.org\/{rel}","templated":true}]}}