{"id":589522,"date":"2025-12-10T00:07:13","date_gmt":"2025-12-10T00:07:13","guid":{"rendered":"https:\/\/www.europesays.com\/fr\/589522\/"},"modified":"2025-12-10T00:07:13","modified_gmt":"2025-12-10T00:07:13","slug":"gregory-alldritt-sans-langue-de-bois-sur-le-deplacement-en-afrique-du-sud","status":"publish","type":"post","link":"https:\/\/www.europesays.com\/fr\/589522\/","title":{"rendered":"Gr\u00e9gory Alldritt sans langue de bois sur le d\u00e9placement en Afrique du Sud"},"content":{"rendered":"<p data-start=\"304\" data-end=\"615\">Le Stade rochelais s\u2019appr\u00eate \u00e0 vivre une semaine peu ordinaire. Pour pr\u00e9parer son deuxi\u00e8me match de Champions Cup, les Maritimes ont pris la direction du Cap afin d\u2019affronter les Stormers samedi (14 h).<\/p>\n<p data-start=\"304\" data-end=\"615\">Un d\u00e9placement long, co\u00fbteux en \u00e9nergie, mais que le club veut transformer en atout plut\u00f4t qu\u2019en contrainte.<\/p>\n<p><strong data-start=\"625\" data-end=\"669\">Un voyage assum\u00e9 pour \u00e9viter de le subir<\/strong><\/p>\n<p data-start=\"671\" data-end=\"956\">Depuis que les franchises sud-africaines ont int\u00e9gr\u00e9 la comp\u00e9tition, les \u00e9quipes europ\u00e9ennes doivent s\u2019adapter \u00e0 ces trajets de plus de dix heures. Plut\u00f4t que de partir au dernier moment, La Rochelle a choisi d\u2019embarquer pour toute la semaine, \u00e0 l\u2019image de l\u2019UBB la semaine pr\u00e9c\u00e9dente.<\/p>\n<p data-start=\"958\" data-end=\"1151\"><strong>Gr\u00e9gory Alldritt r\u00e9sume l\u2019\u00e9tat d\u2019esprit du groupe via <a href=\"https:\/\/www.rugbyrama.fr\/2025\/12\/09\/champions-cup-le-deplacement-en-afrique-du-sud-soit-on-le-subit-soit-on-le-vit-lache-gregory-alldritt-la-rochelle-13099855.php\" target=\"_blank\" rel=\"noopener\">Midi Olympique<\/a> :<\/strong><\/p>\n<p data-start=\"958\" data-end=\"1151\">\u00ab Bien s\u00fbr qu\u2019aller en Afrique du Sud c\u2019est compliqu\u00e9 mais maintenant, le d\u00e9placement est act\u00e9. Donc, soit on le subit, soit on le vit. \u00bb<\/p>\n<p data-start=\"1153\" data-end=\"1264\">Pour le capitaine, l\u2019enjeu n\u2019est pas uniquement sportif : c\u2019est aussi une aventure humaine qui soude un groupe.<\/p>\n<p><strong data-start=\"1274\" data-end=\"1336\">\u00ab\u00a0Une belle semaine au soleil\u00a0\u00bb\u2026 mais un \u00e9norme d\u00e9fi sportif<\/strong><\/p>\n<p data-start=\"1338\" data-end=\"1530\">Au Cap, les Rochelais d\u00e9couvriront un environnement intense : chaleur, athl\u00e8tes surpuissants en face, ambiance particuli\u00e8re\u2026 Alldritt veut que l\u2019\u00e9quipe y voie une chance plut\u00f4t qu\u2019un obstacle.<\/p>\n<p data-start=\"1532\" data-end=\"2141\">\u00ab Il y a des joueurs de 18, 19 ans qui vont partir une semaine en Afrique du Sud jouer un match de Champions Cup face aux Stormers. Si on ne jouait pas au rugby, ce sont des choses qu\u2019on ne ferait pas dans notre vie. \u00c7a va \u00eatre une belle semaine au soleil, il faut essayer de trouver un peu de dynamisme pour jouer un match lors duquel on n\u2019a clairement rien \u00e0 gagner. Les Stormers montrent un tr\u00e8s bon niveau depuis le d\u00e9but de la saison. Il faut y aller lib\u00e9r\u00e9 en mettant \u00e9norm\u00e9ment d\u2019intensit\u00e9 dans tout ce qu\u2019on fait et on verra bien ce qu\u2019il se passe. Il y aura une belle \u00e9quipe, une \u00e9quipe affam\u00e9e \u00bb.\u00a0<\/p>\n<p data-start=\"2143\" data-end=\"2270\">Cette approche, presque d\u00e9complex\u00e9e, s\u2019inscrit dans la volont\u00e9 du club de rester ambitieux malgr\u00e9 un d\u00e9but de saison contrast\u00e9.<\/p>\n<p><strong data-start=\"2280\" data-end=\"2332\">Chaleur, rythme et adversit\u00e9 : un match exigeant<\/strong><\/p>\n<p data-start=\"2334\" data-end=\"2460\">La Rochelle sait \u00e0 quoi s\u2019attendre : jouer en Afrique du Sud demande une \u00e9nergie colossale.<\/p>\n<p data-start=\"2334\" data-end=\"2460\"><strong>Alldritt le rappelle sans d\u00e9tour :<\/strong><\/p>\n<p data-start=\"2462\" data-end=\"2856\">\u00ab Un match en Afrique du Sud c\u2019est une d\u00e9bauche d\u2019\u00e9nergie folle. Tu joues face \u00e0 des athl\u00e8tes, sous 30 degr\u00e9s\u2026 Il va falloir r\u00e9cup\u00e9rer un maximum du voyage et engranger un maximum d\u2019\u00e9nergie pendant la semaine. De toute fa\u00e7on, ce n\u2019est pas sur les deux ou trois entra\u00eenements qu\u2019il va y avoir l\u00e0-bas que tu cr\u00e9es ton rugby. Notre rugby, on l\u2019a, on est \u00e0 l\u2019entra\u00eenement depuis le 14 juillet \u00bb.\u00a0<\/p>\n<p data-start=\"2858\" data-end=\"2996\" data-is-last-node=\"\" data-is-only-node=\"\"><strong>Avec cet \u00e9tat d\u2019esprit, les Rochelais esp\u00e8rent signer un coup d\u2019\u00e9clat au Cap et rester dans la course \u00e0 la qualification en Champions Cup.<\/strong><\/p>\n","protected":false},"excerpt":{"rendered":"Le Stade rochelais s\u2019appr\u00eate \u00e0 vivre une semaine peu ordinaire. Pour pr\u00e9parer son deuxi\u00e8me match de Champions Cup,&hellip;\n","protected":false},"author":2,"featured_media":589523,"comment_status":"","ping_status":"","sticky":false,"template":"","format":"standard","meta":{"footnotes":""},"categories":[1416],"tags":[1011,27,479,1468,60],"class_list":{"0":"post-589522","1":"post","2":"type-post","3":"status-publish","4":"format-standard","5":"has-post-thumbnail","7":"category-rugby","8":"tag-fr","9":"tag-france","10":"tag-rugby","11":"tag-rugby-football","12":"tag-sports"},"share_on_mastodon":{"url":"https:\/\/pubeurope.com\/@fr\/115692361788533089","error":""},"_links":{"self":[{"href":"https:\/\/www.europesays.com\/fr\/wp-json\/wp\/v2\/posts\/589522","targetHints":{"allow":["GET"]}}],"collection":[{"href":"https:\/\/www.europesays.com\/fr\/wp-json\/wp\/v2\/posts"}],"about":[{"href":"https:\/\/www.europesays.com\/fr\/wp-json\/wp\/v2\/types\/post"}],"author":[{"embeddable":true,"href":"https:\/\/www.europesays.com\/fr\/wp-json\/wp\/v2\/users\/2"}],"replies":[{"embeddable":true,"href":"https:\/\/www.europesays.com\/fr\/wp-json\/wp\/v2\/comments?post=589522"}],"version-history":[{"count":0,"href":"https:\/\/www.europesays.com\/fr\/wp-json\/wp\/v2\/posts\/589522\/revisions"}],"wp:featuredmedia":[{"embeddable":true,"href":"https:\/\/www.europesays.com\/fr\/wp-json\/wp\/v2\/media\/589523"}],"wp:attachment":[{"href":"https:\/\/www.europesays.com\/fr\/wp-json\/wp\/v2\/media?parent=589522"}],"wp:term":[{"taxonomy":"category","embeddable":true,"href":"https:\/\/www.europesays.com\/fr\/wp-json\/wp\/v2\/categories?post=589522"},{"taxonomy":"post_tag","embeddable":true,"href":"https:\/\/www.europesays.com\/fr\/wp-json\/wp\/v2\/tags?post=589522"}],"curies":[{"name":"wp","href":"https:\/\/api.w.org\/{rel}","templated":true}]}}