{"id":58954,"date":"2025-04-28T10:01:08","date_gmt":"2025-04-28T10:01:08","guid":{"rendered":"https:\/\/www.europesays.com\/fr\/58954\/"},"modified":"2025-04-28T10:01:08","modified_gmt":"2025-04-28T10:01:08","slug":"la-presse-europeenne-ebahie-par-la-nouvelle-performance-de-pogacar","status":"publish","type":"post","link":"https:\/\/www.europesays.com\/fr\/58954\/","title":{"rendered":"la presse europ\u00e9enne \u00e9bahie par la nouvelle performance de Pogacar"},"content":{"rendered":"<p><strong>REVUE DE PRESSE &#8211; <\/strong>Le champion du monde slov\u00e8ne a parachev\u00e9 son printemps avec un succ\u00e8s \u00e9clatant sur Li\u00e8ge-Bastogne-Li\u00e8ge.<\/p>\n<p class=\"fig-paragraph\">Tous derri\u00e8re et lui (loin devant). Une image saisissante. Un clich\u00e9 qui s\u2019est accroch\u00e9 tout au long d\u2019un printemps fabuleux. Le diabolique\u00a0<a href=\"http:\/\/www.lefigaro.fr\/sports\/cyclisme\/liege-bastogne-liege-en-video-l-attaque-foudroyante-et-decisive-de-tadej-pogacar-20250427\" data-fig-type=\"NewsFlash\" data-gtm-custom-categorie=\"navigation\" data-gtm-custom-action=\"crossclick\" data-gtm-custom-label=\"Contextuel\" data-gtm-event=\"customEventSPE\" data-fig-domain=\"LEFIGARO\" target=\"_blank\" rel=\"noopener\">Tadej Pogacar<\/a>, seul (ou presque) sur la plan\u00e8te cyclisme, a survol\u00e9 Li\u00e8ge-Bastogne-Li\u00e8ge et conclu sa p\u00e9riode \u00ab classiques\u00a0\u00bb avant de se mettre en retrait pour pr\u00e9parer la suite de son programme sur les courses par \u00e9tapes (Crit\u00e9rium du Dauphin\u00e9, puis Tour de France) avec la m\u00eame voracit\u00e9.<\/p>\n<p class=\"fig-paragraph\">D\u2019une r\u00e9gularit\u00e9 stup\u00e9fiante, le Slov\u00e8ne qui, au c\u0153ur d\u2019un concert de louanges, suscite des questions par la r\u00e9p\u00e9tition de ses performances a fini par banaliser l\u2019exploit. \u00ab Son troisi\u00e8me succ\u00e8s sur Li\u00e8ge-Bastogne-Li\u00e8ge (son neuvi\u00e8me Monument!) est quelque chose de plus et de diff\u00e9rent. C\u2019est comme s\u2019il \u00e9tait l\u00e0 et ensuite le reste du monde. Pour cette raison, la deuxi\u00e8me place de Giulio Ciccone doit \u00eatre salu\u00e9e par de grands applaudissements. Sur le podium, avec l\u2019Irlandais Ben Healy, ils sont all\u00e9s repr\u00e9senter les humains, une fois de plus battus par le Martien v\u00eatu aux couleurs de l\u2019arc-en-ciel (\u2026) Quand Pogacar est parti, acc\u00e9l\u00e9rant assis, il \u00e9tait d\u00e9j\u00e0 clair pour tout le monde qu\u2019il n\u2019y aurait pas d\u2019histoire. Pas un tir, mais une progression avec un rapport impossible et game over (\u2026) Tadej a atteint des g\u00e9ants tels que Kelly, Coppi et Girardengo et n\u2019est devanc\u00e9 que par De Vlaeminck (11 succ\u00e8s) et bien s\u00fbr Merckx. Lors des 8 derniers Monuments, il a toujours \u00e9t\u00e9 sur le podium et cette ann\u00e9e dans les grandes courses d\u2019un jour n\u2019est jamais sorti des trois premiers. Ce ne sont que des r\u00e9f\u00e9rences statistiques, mais elles nous font comprendre que nous parlons d\u2019un ph\u00e9nom\u00e8ne dans un moment de cycle spatial. D\u2019ailleurs, Pogacar a battu le record de moyenne de \u00ab Li\u00e8ge\u00a0\u00bb aplatissant \u00e9galement les Ardennes \u00e0 41,983 km de moyenne \u00e0 l\u2019heure, comme il avait battu le record des Flandriens (44,981)\u2026\u00a0\u00bb, \u00e9crit Pier Bergonzi dans La Gazzetta dello Sport.<\/p>\n<p class=\"fig-paragraph\">En Espagne, Carlos Arribas raconte dans El Pais\u00a0: \u00ab Les monuments, comme l\u2019\u00c9glise, \u00e9crivent leur liturgie sur la pierre et l\u2019asphalte des vieilles routes au fil des d\u00e9cennies et choisissent leurs grands pr\u00eatres, qui l\u2019ex\u00e9cutent magnifiquement, Van der Poel dans le Poggio de San Remo et \u00e0 Mons-en-P\u00e9v\u00e8le sur Paris-Roubaix, et Pogacar, dans le Vieux Quaremont des Flandres, et ce dimanche tous ses fid\u00e8les veulent \u00eatre lui, libre, attaquant, insouciant sur la Redoute, la pente des Ardennes. Comme les grands artistes, Pogacar, 26 ans, transforme le grand en routine, le coup de p\u00e9dale en coup de pinceau, et \u00e9tourdit le spectateur sous le soleil paresseux d\u2019avril, son short blanc brille, les motos acc\u00e9l\u00e8rent pour le d\u00e9passer comme si elles voulaient ouvrir leur parade nuptiale, l\u2019arc-en-ciel s\u2019arr\u00eate, et ses cheveux blonds fuient le casque, et derri\u00e8re sonnent des trompettes de soumission. Il est poursuivi par une escouade de 40 hommes, une alliance impossible de bless\u00e9s r\u00eavant d\u2019\u00eatre deuxi\u00e8mes et dont les infatigables rebelles Tom Pidcock et Ben Healy, Alaphilippe presque ressuscit\u00e9, le tenace Ciccone peinent \u00e0 fuir. Dans lequel Evenepoel n\u2019est pas, \u00e9puis\u00e9 (\u2026)\u00a0\u00bb Marca souligne\u00a0: \u00ab Apr\u00e8s avoir remport\u00e9 le neuvi\u00e8me monument de sa carri\u00e8re, domin\u00e9 en tant que vainqueur du Giro et du Tour, Tadej Pogacar est appel\u00e9 \u00e0 pr\u00e9sider le tableau des meilleurs cyclistes de l\u2019histoire. Nous avons donc assist\u00e9 \u00e0 une exposition apr\u00e8s l\u2019autre d\u2019un coureur d\u00e9termin\u00e9 \u00e0 marquer une \u00e9poque du cyclisme.\u00a0\u00bb<\/p>\n<p class=\"fig-paragraph\">AS \u00e9num\u00e8re\u00a0: \u00ab Quatorze jours de comp\u00e9tition, sept victoires dont deux Monuments pour un total de 95 victoires \u00e0 son palmar\u00e8s. C\u2019est avec ce bilan que Tadej Pogacar (26 ans) termine son premier bloc de la saison 2025, qui s\u2019est achev\u00e9 par une troisi\u00e8me victoire \u00e0 Li\u00e8ge-Bastogne-Li\u00e8ge. Un parcours exceptionnel qui comprend des conqu\u00eates au Tour des Emirats Arabes Unis, aux Strade Bianche, au Tour des Flandres, \u00e0 la Fl\u00e8che Wallonne, ce qui a provoqu\u00e9 la r\u00e9action amus\u00e9e de Ben Healy sur le podium de la classique belge\u00a0: \u00ab Quand est-ce que tu prends ta retraite\u00a0? Le Slov\u00e8ne a r\u00e9pondu en riant\u00a0: \u00ab J\u2019ai un contrat jusqu\u2019en 2030, c\u2019est peut-\u00eatre cette ann\u00e9e-l\u00e0\u00a0\u00bb. Pogi n\u2019est pas descendu du podium lors de ce voyage printanier, puisqu\u2019il a ajout\u00e9 \u00e0 ses conqu\u00eates sa 3e place \u00e0 Milan-San Remo, sa 2e place \u00e0 Paris-Roubaix et sa 2e place \u00e0 l\u2019Amstel Gold Race, ce qui lui permet d\u2019ajouter un nouveau jalon \u00e0 sa carri\u00e8re de plus en plus l\u00e9gendaire\u00a0: il est le premier coureur de l\u2019histoire du cyclisme \u00e0 encha\u00eener six podiums cons\u00e9cutifs dans les Monuments.\u00a0\u00bb<\/p>\n<p class=\"fig-paragraph\">De quoi donner le tournis. En Belgique, St\u00e9phane Thirion assure dans Le Soir\u00a0: \u00ab Le printemps des classiques s\u2019est achev\u00e9 dans une m\u00e9t\u00e9o presque estivale. \u00c0 l\u2019exception de la Fl\u00e8che wallonne disput\u00e9e dans des conditions d\u00e9testables, dignes de Paris-Nice ou de Tirreno-Adriatico, passages oblig\u00e9s indispensables \u00e0 la pr\u00e9paration de ces courses d\u2019un jour, la campagne fut \u00e9pargn\u00e9e par les cieux, sublime surtout dans ses \u00e9pilogues, ses duels, ses combats. Les meilleurs \u00e9taient l\u00e0 et ont occult\u00e9 les autres, pourtant tout aussi vaillants. D\u00e8s les Strade Bianche, Tadej Pogacar avait annonc\u00e9 la couleur et ce malgr\u00e9 sa seule chute de l\u2019ann\u00e9e (en cours). Son choix de poser toutes les classiques \u00e0 son agenda \u00e9tait ambitieux, prometteur et donc payant puisqu\u2019il a ajout\u00e9 deux victoires en \u00ab Monument\u00a0\u00bb \u00e0 son palmar\u00e8s, le Tour des Flandres et Li\u00e8ge-Bastogne-Li\u00e8ge.\u00a0\u00bb<\/p>\n<p class=\"fig-paragraph\">Quentin Finn\u00e9 signe dans La Derni\u00e8re Heure\u00a0: \u00ab Le champion du monde s\u2019est impos\u00e9 pour la troisi\u00e8me fois sur Li\u00e8ge-Bastogne-Li\u00e8ge dimanche, concluant une campagne des classiques au cours de laquelle il n\u2019est jamais descendu du podium. L\u2019image a les allures d\u2019un parfait copier-coller. Les fesses viss\u00e9es sur cette selle dont il ne se l\u00e8ve pratiquement jamais, Tadej Pogacar s\u2019envole \u00e0 850 m\u00e8tres du sommet de la Redoute avec la m\u00eame apparente aisance que celle avec laquelle il avait d\u00e9coll\u00e9 tous ses adversaires de sa roue quatre jours plus t\u00f4t sur les pentes du Mur du Huy. \u2018\u2019Ce n\u2019\u00e9tait pourtant pas vraiment pr\u00e9vu de partir comme \u00e7a, \u00e0 34 kilom\u00e8tres de l\u2019arriv\u00e9e, assurait le champion du monde. Je voulais surtout tester mes jambes et \u00e9valuer la situation ainsi que les forces en pr\u00e9sence. Dans le pire des cas, si cela n\u2019avait pas permis d\u2019op\u00e9rer une d\u00e9cision, j\u2019aurais alors pu me glisser \u00e0 nouveau dans la roue de mes \u00e9quipiers Sivakov et McNulty, qui \u00e9taient tr\u00e8s forts eux aussi\u2026\u2019\u2019 Une analyse aux contours aussi \u00e9vidents que le statut de meilleur coureur du monde actuel du Slov\u00e8ne.\u00a0\u00bb Le quotidien ajoute\u00a0: \u00ab Selon les calculs de nos confr\u00e8res de Sporza, cela lui a permis d\u2019empocher la somme de 107 250\u20ac. Sans surprise, Mathieu Van der Poel (71 000\u20ac) suit, bien aid\u00e9 par ses victoires sur Milan-Sanremo, Paris-Roubaix, l\u2019E3 et sa troisi\u00e8me place sur le Ronde. Mads Pedersen (52 100\u20ac) compl\u00e8te le podium gr\u00e2ce \u00e0 sa victoire \u00e0 Gand-Wevelgem et \u00e0 ses nombreuses places d\u2019honneur.\u00a0\u00bb<\/p>\n<p class=\"fig-paragraph\">En France, Alexandre Roos parle dans L\u2019Equipe d\u2019\u00ab un r\u00e8gne absolu\u00a0: Pogacar, l\u2019une des plus grandes campagnes de classiques de l\u2019histoire. Tadej Pogacar a remport\u00e9 dimanche en solitaire son troisi\u00e8me Li\u00e8ge-Bastogne-Li\u00e8ge, son neuvi\u00e8me Monument. Le Slov\u00e8ne est aujourd\u2019hui le seul coureur \u00e0 pouvoir \u00e9tendre son emprise sur toute la saison des classiques.\u00a0\u00bb<\/p>\n","protected":false},"excerpt":{"rendered":"REVUE DE PRESSE &#8211; Le champion du monde slov\u00e8ne a parachev\u00e9 son printemps avec un succ\u00e8s \u00e9clatant sur&hellip;\n","protected":false},"author":2,"featured_media":58955,"comment_status":"","ping_status":"","sticky":false,"template":"","format":"standard","meta":{"footnotes":""},"categories":[1412],"tags":[1141,1142,207,1143,1451,1452,1453,1454,1455,1011,27,60,1140,1139,210],"class_list":{"0":"post-58954","1":"post","2":"type-post","3":"status-publish","4":"format-standard","5":"has-post-thumbnail","7":"category-f1","8":"tag-actualite-cyclisme","9":"tag-competition-cyclisme","10":"tag-cyclisme","11":"tag-cyclisme-actu","12":"tag-f1","13":"tag-formula-1","14":"tag-formula1","15":"tag-formule-1","16":"tag-formule1","17":"tag-fr","18":"tag-france","19":"tag-sports","20":"tag-tour-despagne","21":"tag-tour-ditalie","22":"tag-tour-de-france"},"share_on_mastodon":{"url":"https:\/\/pubeurope.com\/@fr\/114415015253213019","error":""},"_links":{"self":[{"href":"https:\/\/www.europesays.com\/fr\/wp-json\/wp\/v2\/posts\/58954","targetHints":{"allow":["GET"]}}],"collection":[{"href":"https:\/\/www.europesays.com\/fr\/wp-json\/wp\/v2\/posts"}],"about":[{"href":"https:\/\/www.europesays.com\/fr\/wp-json\/wp\/v2\/types\/post"}],"author":[{"embeddable":true,"href":"https:\/\/www.europesays.com\/fr\/wp-json\/wp\/v2\/users\/2"}],"replies":[{"embeddable":true,"href":"https:\/\/www.europesays.com\/fr\/wp-json\/wp\/v2\/comments?post=58954"}],"version-history":[{"count":0,"href":"https:\/\/www.europesays.com\/fr\/wp-json\/wp\/v2\/posts\/58954\/revisions"}],"wp:featuredmedia":[{"embeddable":true,"href":"https:\/\/www.europesays.com\/fr\/wp-json\/wp\/v2\/media\/58955"}],"wp:attachment":[{"href":"https:\/\/www.europesays.com\/fr\/wp-json\/wp\/v2\/media?parent=58954"}],"wp:term":[{"taxonomy":"category","embeddable":true,"href":"https:\/\/www.europesays.com\/fr\/wp-json\/wp\/v2\/categories?post=58954"},{"taxonomy":"post_tag","embeddable":true,"href":"https:\/\/www.europesays.com\/fr\/wp-json\/wp\/v2\/tags?post=58954"}],"curies":[{"name":"wp","href":"https:\/\/api.w.org\/{rel}","templated":true}]}}