{"id":589547,"date":"2025-12-10T00:24:28","date_gmt":"2025-12-10T00:24:28","guid":{"rendered":"https:\/\/www.europesays.com\/fr\/589547\/"},"modified":"2025-12-10T00:24:28","modified_gmt":"2025-12-10T00:24:28","slug":"renault-alerte-sur-un-risque-majeur-pour-les-constructeurs","status":"publish","type":"post","link":"https:\/\/www.europesays.com\/fr\/589547\/","title":{"rendered":"Renault alerte sur un risque majeur pour les constructeurs"},"content":{"rendered":"<p itemprop=\"description\">L\u2019industrie automobile europ\u00e9enne est en<br \/>\npleine transformation. Bruxelles travaille justement sur un nouveau<br \/>\nplan d\u2019action, visant \u00e0 recentrer la production sur le continent et<br \/>\nainsi favoriser l\u2019\u00e9conomie locale. Une strat\u00e9gie soutenue par<br \/>\nRenault, bien que la marque au losange \u00e9mette quelques<br \/>\nsuggestions.<\/p>\n<p style=\"font-weight: 400;\">L\u2019industrie automobile europ\u00e9enne se<br \/>\ntrouve \u00e0 un moment charni\u00e8re. <strong>Bruxelles pr\u00e9pare de<br \/>\nnouvelles r\u00e8gles sur le mode de production des v\u00e9hicules vendus<br \/>\ndans l\u2019Union.<\/strong> Ces discussions, tr\u00e8s attendues, opposent<br \/>\nconstructeurs et \u00e9quipementiers sur la meilleure mani\u00e8re de<br \/>\nrenforcer la production en Europe. Renault, acteur majeur du<br \/>\nsecteur, soutient le principe. Toutefois, <strong>la marque appelle<br \/>\n\u00e0 une mise en \u0153uvre plus souple.<\/strong> Le d\u00e9bat s\u2019annonce<br \/>\nd\u00e9terminant pour l\u2019avenir industriel du continent.<\/p>\n<p><strong>Renault plaide pour une<br \/>\nmesure r\u00e9aliste<\/strong><\/p>\n<p style=\"font-weight: 400;\"><strong>Renault affirme son soutien<br \/>\naux futures exigences europ\u00e9ennes quant \u00e0 une production<br \/>\nlocale.<\/strong> Cependant, <a href=\"https:\/\/www.renault.fr\" target=\"_blank\" rel=\"noopener\">la marque<\/a> alerte quant \u00e0 des<br \/>\nseuils trop rigides qui pourraient handicaper les constructeurs. Le<br \/>\nlosange estime <strong>qu\u2019un objectif fix\u00e9 mod\u00e8le par mod\u00e8le serait<br \/>\ndifficile \u00e0 atteindre, notamment pour les composants strat\u00e9giques<br \/>\ncomme les <a href=\"https:\/\/www.autoplus.fr\/environnement\/nul-nest-parfait-sauf-les-futures-batteries-de-ce-constructeur-chinois-1412858.html\" target=\"_blank\" rel=\"noopener\">batteries<\/a> ou les moteurs<br \/>\n\u00e9lectriques.<\/strong><\/p>\n<p style=\"font-weight: 400;\"><strong>Renault propose plut\u00f4t un<br \/>\nseuil moyen calcul\u00e9 sur l\u2019ensemble des ventes, aux alentours de<br \/>\n60%.<\/strong> Un pourcentage qui, selon elle, permettrait de<br \/>\ns\u00e9curiser la fili\u00e8re sans brider la comp\u00e9titivit\u00e9. Selon le groupe,<br \/>\ncette approche offrirait un cadre plus stable, favoriserait les<br \/>\ninvestissements sur le sol europ\u00e9en et permettrait de maintenir une<br \/>\ncertaine flexibilit\u00e9 dans le choix des fournisseurs. Renault<br \/>\nsouligne \u00e9galement que la transition industrielle exige du temps et<br \/>\ndes capacit\u00e9s accrues. <strong>Selon la marque, une r\u00e9glementation<br \/>\ntrop rapide ou trop stricte risquerait de freiner des projets<br \/>\nessentiels pour renforcer durablement l\u2019autonomie de la<br \/>\nfili\u00e8re.<\/strong><\/p>\n<p><img loading=\"lazy\" decoding=\"async\" aria-describedby=\"caption-attachment-1408064\" itemprop=\"thumbnailUrl\" class=\"size-large wp-image-1408064 img-responsive\" src=\"https:\/\/www.europesays.com\/fr\/wp-content\/uploads\/2025\/12\/35cdc0e4e06f98140bb0ea95113578ec-l.jpg-768x425.webp.webp\" alt=\"&lt;p&gt;Fran\u00e7ois Provost&lt;\/p&gt;\" width=\"768\" height=\"425\"  \/> \u00a9 Renault<\/p>\n<p id=\"caption-attachment-1408064\" class=\"wp-caption-text\">Fran\u00e7ois<br \/>\nProvost r\u00e9affirme son soutien \u00e0 Bruxelles, mais plaide pour<br \/>\nquelques ajustements strat\u00e9giques.<\/p>\n<p><strong>Un \u00e9quilibre \u00e0 trouver pour<br \/>\nl\u2019industrie europ\u00e9enne<\/strong><\/p>\n<p style=\"font-weight: 400;\">Face \u00e0 la proposition de Renault,<br \/>\nplusieurs <a href=\"https:\/\/www.autoplus.fr\/actualite\/des-armes-plutot-que-des-voitures-les-equipementiers-se-tournent-vers-de-nouveaux-secteurs-dactivite-1411864.html\" target=\"_blank\" rel=\"noopener\">\u00e9quipementiers<\/a> d\u00e9fendent une<br \/>\nligne plus stricte. <strong>Certains r\u00e9clamant jusqu\u2019\u00e0 80% de<br \/>\npi\u00e8ces produites en Europe pour chaque v\u00e9hicule.<\/strong> Ils<br \/>\nalertent sur le risque de d\u00e9localisations et sur la menace pesant<br \/>\nsur des centaines de milliers d\u2019emplois si les r\u00e8gles ne sont pas<br \/>\nsuffisamment ambitieuses pour soutenir la production locale.<\/p>\n<p style=\"font-weight: 400;\"><strong>Selon eux, un niveau<br \/>\nd\u2019exigence \u00e9lev\u00e9 permettrait de consolider la fili\u00e8re, d\u2019encourager<br \/>\nl\u2019implantation d\u2019usines sur le continent et de r\u00e9duire la<br \/>\nd\u00e9pendance aux cha\u00eenes d\u2019approvisionnement situ\u00e9es hors <a href=\"https:\/\/www.autoplus.fr\/actualite\/leurope-reporte-son-plan-de-sauvetage-automobile-au-16-decembre-1412943.html\" target=\"_blank\" rel=\"noopener\">Europe<\/a>.<\/strong><\/p>\n<p style=\"font-weight: 400;\">Le d\u00e9fi pour l\u2019Union sera donc de<br \/>\nfixer un cadre capable de prot\u00e9ger l\u2019emploi tout en \u00e9vitant de<br \/>\nfragiliser les constructeurs confront\u00e9s \u00e0 une concurrence<br \/>\ninternationale intense et \u00e0 des co\u00fbts de production en hausse.<br \/>\nTrouver cet \u00e9quilibre n\u00e9cessitera une concertation \u00e9troite entre<br \/>\nindustriels et d\u00e9cideurs. <strong>Les d\u00e9cisions prises dans les<br \/>\nprochains mois pourraient structurer durablement l\u2019industrie<br \/>\nautomobile europ\u00e9enne.<\/strong> Mais aussi influencer la<br \/>\ncomp\u00e9titivit\u00e9 du secteur pendant de longues ann\u00e9es.<\/p>\n","protected":false},"excerpt":{"rendered":"L\u2019industrie automobile europ\u00e9enne est en pleine transformation. Bruxelles travaille justement sur un nouveau plan d\u2019action, visant \u00e0 recentrer&hellip;\n","protected":false},"author":2,"featured_media":589548,"comment_status":"","ping_status":"","sticky":false,"template":"","format":"standard","meta":{"footnotes":""},"categories":[6],"tags":[35,33,34,1011,27,1638],"class_list":{"0":"post-589547","1":"post","2":"type-post","3":"status-publish","4":"format-standard","5":"has-post-thumbnail","7":"category-economie","8":"tag-business","9":"tag-economie","10":"tag-economy","11":"tag-fr","12":"tag-france","13":"tag-has_diapo"},"share_on_mastodon":{"url":"https:\/\/pubeurope.com\/@fr\/115692428801013703","error":""},"_links":{"self":[{"href":"https:\/\/www.europesays.com\/fr\/wp-json\/wp\/v2\/posts\/589547","targetHints":{"allow":["GET"]}}],"collection":[{"href":"https:\/\/www.europesays.com\/fr\/wp-json\/wp\/v2\/posts"}],"about":[{"href":"https:\/\/www.europesays.com\/fr\/wp-json\/wp\/v2\/types\/post"}],"author":[{"embeddable":true,"href":"https:\/\/www.europesays.com\/fr\/wp-json\/wp\/v2\/users\/2"}],"replies":[{"embeddable":true,"href":"https:\/\/www.europesays.com\/fr\/wp-json\/wp\/v2\/comments?post=589547"}],"version-history":[{"count":0,"href":"https:\/\/www.europesays.com\/fr\/wp-json\/wp\/v2\/posts\/589547\/revisions"}],"wp:featuredmedia":[{"embeddable":true,"href":"https:\/\/www.europesays.com\/fr\/wp-json\/wp\/v2\/media\/589548"}],"wp:attachment":[{"href":"https:\/\/www.europesays.com\/fr\/wp-json\/wp\/v2\/media?parent=589547"}],"wp:term":[{"taxonomy":"category","embeddable":true,"href":"https:\/\/www.europesays.com\/fr\/wp-json\/wp\/v2\/categories?post=589547"},{"taxonomy":"post_tag","embeddable":true,"href":"https:\/\/www.europesays.com\/fr\/wp-json\/wp\/v2\/tags?post=589547"}],"curies":[{"name":"wp","href":"https:\/\/api.w.org\/{rel}","templated":true}]}}