{"id":589550,"date":"2025-12-10T00:26:17","date_gmt":"2025-12-10T00:26:17","guid":{"rendered":"https:\/\/www.europesays.com\/fr\/589550\/"},"modified":"2025-12-10T00:26:17","modified_gmt":"2025-12-10T00:26:17","slug":"un-foyer-de-dermatose-nodulaire-contagieuse-a-ete-confirme-un-arrete-de-declaration-dinfection-pour-un-abattage-total-du-troupeau","status":"publish","type":"post","link":"https:\/\/www.europesays.com\/fr\/589550\/","title":{"rendered":"\u00ab\u00a0Un foyer de dermatose nodulaire contagieuse a \u00e9t\u00e9 confirm\u00e9\u00a0\u00bb\u00a0: un arr\u00eat\u00e9 de d\u00e9claration d\u2019infection pour un abattage total du troupeau\u00a0?"},"content":{"rendered":"<p>\n                                                                    l&rsquo;essentiel<br \/>\n                                                                La dermatose nodulaire contagieuse bovine frappe pour la premi\u00e8re fois l\u2019Ari\u00e8ge. Un foyer a \u00e9t\u00e9 confirm\u00e9 \u00e0 Les-Bordes-sur-Arize, par la pr\u00e9fecture, entra\u00eenant des mesures strictes de contr\u00f4le.\n                            <\/p>\n<p>\u00ab\u00a0Un foyer de dermatose nodulaire contagieuse bovine (DNC) a \u00e9t\u00e9 confirm\u00e9\u00a0\u00bb ce mardi 9\u00a0d\u00e9cembre dans une exploitation de Les-Bordes-sur-Arize, annonce la pr\u00e9fecture de l\u2019Ari\u00e8ge. C\u2019est le premier cas dans le d\u00e9partement, apr\u00e8s la d\u00e9couverte du premier foyer fran\u00e7ais en Savoie, le 29\u00a0juin dernier. \u00ab\u00a0La commune ne faisait pas partie de la zone r\u00e9glement\u00e9e de 50\u00a0km mise en place mi-octobre autour des foyers d\u00e9tect\u00e9s dans les Pyr\u00e9n\u00e9es-Orientales\u00a0\u00bb, rappellent les services de l\u2019\u00c9tat.<\/p>\n<p>Face \u00e0 cette confirmation, le pr\u00e9fet a pris un arr\u00eat\u00e9 pr\u00e9fectoral de d\u00e9claration d\u2019infection, permettant l\u2019application rapide des mesures pr\u00e9vues par la r\u00e9glementation europ\u00e9enne.<br \/>Parmi elles\u00a0: le d\u00e9peuplement complet du troupeau infect\u00e9, mesure obligatoire pour \u00e9viter l\u2019installation et la diffusion de la maladie.<\/p>\n<p class=\"std-elt__inline\">\n        <strong>\u00c0 lire aussi :<\/strong><br \/>\n        <a href=\"https:\/\/www.ladepeche.fr\/2025\/12\/09\/info-la-depeche-ils-vont-abattre-tout-le-troupeau-premier-cas-de-dermatose-nodulaire-en-ariege-plus-dune-centaine-de-bovins-concernes-13100870.php\" target=\"_blank\" rel=\"noopener\">INFO LA DEPECHE. \u00ab\u00a0Ils vont abattre tout le troupeau\u00a0\u00bb\u00a0: premier cas de dermatose nodulaire en Ari\u00e8ge, plus d\u2019une centaine de bovins concern\u00e9s<\/a>\n    <\/p>\n<p>\u00ab\u00a0Des mesures de surveillance v\u00e9t\u00e9rinaire\u00a0\u00bb<\/p>\n<p>Par ailleurs, le cas d\u00e9tect\u00e9 entra\u00eene la cr\u00e9ation d\u2019une zone r\u00e9glement\u00e9e dans un rayon de 50 kilom\u00e8tres autour de l\u2019exploitation. \u00ab\u00a0Elle impose des mesures de surveillance v\u00e9t\u00e9rinaire pour v\u00e9rifier l\u2019\u00e9tat de sant\u00e9 des \u00e9levages autour du foyer et des interdictions et restrictions de d\u00e9placement des bovins visant \u00e0 \u00e9viter que la maladie ne se diffuse dans d\u2019autres \u00e9levages\u00a0\u00bb, pr\u00e9cise la pr\u00e9fecture.<\/p>\n<p>Les \u00e9leveurs sont appel\u00e9s \u00e0 surveiller quotidiennement l\u2019\u00e9tat de sant\u00e9 de leurs animaux et d'\u00a0\u00bbalerter imm\u00e9diatement leur v\u00e9t\u00e9rinaire sanitaire et la DDETSPP en cas de suspicion\u00a0\u00bb. Le respect strict des r\u00e8gles de bios\u00e9curit\u00e9 est rappel\u00e9.<\/p>\n<p>La pr\u00e9fecture insiste\u00a0: \u00ab\u00a0Il n\u2019y a en outre aucun risque pour la sant\u00e9 humaine li\u00e9 \u00e0 la consommation de produits issus de ces animaux\u00a0\u00bb. Pour rappel, la maladie se propage uniquement par les d\u00e9placements d\u2019animaux contamin\u00e9s ou par certains insectes comme les taons ou les stomoxes.<\/p>\n","protected":false},"excerpt":{"rendered":"l&rsquo;essentiel La dermatose nodulaire contagieuse bovine frappe pour la premi\u00e8re fois l\u2019Ari\u00e8ge. Un foyer a \u00e9t\u00e9 confirm\u00e9 \u00e0&hellip;\n","protected":false},"author":2,"featured_media":589551,"comment_status":"","ping_status":"","sticky":false,"template":"","format":"standard","meta":{"footnotes":""},"categories":[4],"tags":[11,1867,2720,436,1011,27,329,70240,12,25],"class_list":{"0":"post-589550","1":"post","2":"type-post","3":"status-publish","4":"format-standard","5":"has-post-thumbnail","7":"category-france","8":"tag-actualites","9":"tag-animaux","10":"tag-ariege","11":"tag-environnement","12":"tag-fr","13":"tag-france","14":"tag-france-monde","15":"tag-lesbordessurarize","16":"tag-news","17":"tag-republique-francaise"},"share_on_mastodon":{"url":"https:\/\/pubeurope.com\/@fr\/115692436588987642","error":""},"_links":{"self":[{"href":"https:\/\/www.europesays.com\/fr\/wp-json\/wp\/v2\/posts\/589550","targetHints":{"allow":["GET"]}}],"collection":[{"href":"https:\/\/www.europesays.com\/fr\/wp-json\/wp\/v2\/posts"}],"about":[{"href":"https:\/\/www.europesays.com\/fr\/wp-json\/wp\/v2\/types\/post"}],"author":[{"embeddable":true,"href":"https:\/\/www.europesays.com\/fr\/wp-json\/wp\/v2\/users\/2"}],"replies":[{"embeddable":true,"href":"https:\/\/www.europesays.com\/fr\/wp-json\/wp\/v2\/comments?post=589550"}],"version-history":[{"count":0,"href":"https:\/\/www.europesays.com\/fr\/wp-json\/wp\/v2\/posts\/589550\/revisions"}],"wp:featuredmedia":[{"embeddable":true,"href":"https:\/\/www.europesays.com\/fr\/wp-json\/wp\/v2\/media\/589551"}],"wp:attachment":[{"href":"https:\/\/www.europesays.com\/fr\/wp-json\/wp\/v2\/media?parent=589550"}],"wp:term":[{"taxonomy":"category","embeddable":true,"href":"https:\/\/www.europesays.com\/fr\/wp-json\/wp\/v2\/categories?post=589550"},{"taxonomy":"post_tag","embeddable":true,"href":"https:\/\/www.europesays.com\/fr\/wp-json\/wp\/v2\/tags?post=589550"}],"curies":[{"name":"wp","href":"https:\/\/api.w.org\/{rel}","templated":true}]}}