{"id":589554,"date":"2025-12-10T00:28:13","date_gmt":"2025-12-10T00:28:13","guid":{"rendered":"https:\/\/www.europesays.com\/fr\/589554\/"},"modified":"2025-12-10T00:28:13","modified_gmt":"2025-12-10T00:28:13","slug":"la-police-interpelle-2-cambrioleurs-caches-derriere-une-voiture","status":"publish","type":"post","link":"https:\/\/www.europesays.com\/fr\/589554\/","title":{"rendered":"la police interpelle 2 cambrioleurs cach\u00e9s derri\u00e8re une voiture"},"content":{"rendered":"\n<p>Dans la nuit de samedi \u00e0 dimanche, \u00e0 une heure du matin, un St\u00e9phanois en vacances a \u00e9t\u00e9 alert\u00e9 sur son t\u00e9l\u00e9phone portable d&rsquo;une intrusion \u00e0 son domicile, dans le quartier de la Vivaraize. Mises au courant, les forces de l&rsquo;ordre sont rapidement arriv\u00e9es sur place.<\/p>\n<p>Les policiers ont alors remarqu\u00e9 2 individus suspects, dissimul\u00e9s derri\u00e8re une voiture, non loin de la maison en question. Interpell\u00e9s, les 2 suspects, \u00e2g\u00e9s de 20 et 26 ans, avaient sur eux une bague et un collier, d\u00e9rob\u00e9s dans l&rsquo;habitation. Ils \u00e9taient entr\u00e9s en fracturant la fen\u00eatre.<\/p>\n<p>Les suspects devront r\u00e9pondre devant la justice de vol par effraction commis en r\u00e9union.<\/p>\n","protected":false},"excerpt":{"rendered":"Dans la nuit de samedi \u00e0 dimanche, \u00e0 une heure du matin, un St\u00e9phanois en vacances a \u00e9t\u00e9&hellip;\n","protected":false},"author":2,"featured_media":589555,"comment_status":"","ping_status":"","sticky":false,"template":"","format":"standard","meta":{"footnotes":""},"categories":[9653],"tags":[1111,11,2430,1174,70269,1777,674,1011,27,3367,12,1072,25,4001,1175],"class_list":{"0":"post-589554","1":"post","2":"type-post","3":"status-publish","4":"format-standard","5":"has-post-thumbnail","7":"category-saint-etienne","8":"tag-actu","9":"tag-actualites","10":"tag-auvergne-rhone-alpes","11":"tag-cambriolage","12":"tag-effraction","13":"tag-eu","14":"tag-europe","15":"tag-fr","16":"tag-france","17":"tag-loire","18":"tag-news","19":"tag-police","20":"tag-republique-francaise","21":"tag-saint-etienne","22":"tag-vol"},"share_on_mastodon":{"url":"https:\/\/pubeurope.com\/@fr\/115692444596165061","error":""},"_links":{"self":[{"href":"https:\/\/www.europesays.com\/fr\/wp-json\/wp\/v2\/posts\/589554","targetHints":{"allow":["GET"]}}],"collection":[{"href":"https:\/\/www.europesays.com\/fr\/wp-json\/wp\/v2\/posts"}],"about":[{"href":"https:\/\/www.europesays.com\/fr\/wp-json\/wp\/v2\/types\/post"}],"author":[{"embeddable":true,"href":"https:\/\/www.europesays.com\/fr\/wp-json\/wp\/v2\/users\/2"}],"replies":[{"embeddable":true,"href":"https:\/\/www.europesays.com\/fr\/wp-json\/wp\/v2\/comments?post=589554"}],"version-history":[{"count":0,"href":"https:\/\/www.europesays.com\/fr\/wp-json\/wp\/v2\/posts\/589554\/revisions"}],"wp:featuredmedia":[{"embeddable":true,"href":"https:\/\/www.europesays.com\/fr\/wp-json\/wp\/v2\/media\/589555"}],"wp:attachment":[{"href":"https:\/\/www.europesays.com\/fr\/wp-json\/wp\/v2\/media?parent=589554"}],"wp:term":[{"taxonomy":"category","embeddable":true,"href":"https:\/\/www.europesays.com\/fr\/wp-json\/wp\/v2\/categories?post=589554"},{"taxonomy":"post_tag","embeddable":true,"href":"https:\/\/www.europesays.com\/fr\/wp-json\/wp\/v2\/tags?post=589554"}],"curies":[{"name":"wp","href":"https:\/\/api.w.org\/{rel}","templated":true}]}}