{"id":589558,"date":"2025-12-10T00:31:02","date_gmt":"2025-12-10T00:31:02","guid":{"rendered":"https:\/\/www.europesays.com\/fr\/589558\/"},"modified":"2025-12-10T00:31:02","modified_gmt":"2025-12-10T00:31:02","slug":"malzeville-apres-la-nuit-de-la-louze-la-disco-party","status":"publish","type":"post","link":"https:\/\/www.europesays.com\/fr\/589558\/","title":{"rendered":"Malz\u00e9ville. Apr\u00e8s la nuit de la Louze\u2026 la disco party\u00a0!"},"content":{"rendered":"<p>Tout aussi d\u00e9jant\u00e9 que la nuit de la Louze, la disco party\u00a0s\u2019annonce !<\/p>\n<p>Elle se d\u00e9roulera samedi 13 d\u00e9cembre, \u00e0 Malz\u00e9ville, \u00e0 la salle Dinet (place Fran\u00e7ois-Mitterrand) \u00e0 partir de 18\u00a0h\u00a030\u2026 Concerts, DJ sets, karaok\u00e9, concours de costumes et de chor\u00e9graphies sont au programme, et de nombreux lots sont \u00e0 gagner. Petite restauration sur place. Le dress code de la soir\u00e9e\u00a0est sosie people.<\/p>\n<p class=\"note\">Entr\u00e9e\u00a0: 5\u00a0\u20ac (adh\u00e9sion \u00e0 l\u2019association L\u2019\u00eele aux bombes)<\/p>\n","protected":false},"excerpt":{"rendered":"Tout aussi d\u00e9jant\u00e9 que la nuit de la Louze, la disco party\u00a0s\u2019annonce ! Elle se d\u00e9roulera samedi 13&hellip;\n","protected":false},"author":2,"featured_media":589559,"comment_status":"","ping_status":"","sticky":false,"template":"","format":"standard","meta":{"footnotes":""},"categories":[9635],"tags":[1111,11,1687,1704,1777,674,1011,27,775,11259,11260,873,1702,12,25],"class_list":{"0":"post-589558","1":"post","2":"type-post","3":"status-publish","4":"format-standard","5":"has-post-thumbnail","7":"category-nancy","8":"tag-actu","9":"tag-actualites","10":"tag-culture-loisirs","11":"tag-edition-nancy-et-agglomeration","12":"tag-eu","13":"tag-europe","14":"tag-fr","15":"tag-france","16":"tag-grand-est","17":"tag-malzeville","18":"tag-metropole-du-grand-nancy-54b4","19":"tag-musique","20":"tag-nancy","21":"tag-news","22":"tag-republique-francaise"},"share_on_mastodon":{"url":"https:\/\/pubeurope.com\/@fr\/115692456097245745","error":""},"_links":{"self":[{"href":"https:\/\/www.europesays.com\/fr\/wp-json\/wp\/v2\/posts\/589558","targetHints":{"allow":["GET"]}}],"collection":[{"href":"https:\/\/www.europesays.com\/fr\/wp-json\/wp\/v2\/posts"}],"about":[{"href":"https:\/\/www.europesays.com\/fr\/wp-json\/wp\/v2\/types\/post"}],"author":[{"embeddable":true,"href":"https:\/\/www.europesays.com\/fr\/wp-json\/wp\/v2\/users\/2"}],"replies":[{"embeddable":true,"href":"https:\/\/www.europesays.com\/fr\/wp-json\/wp\/v2\/comments?post=589558"}],"version-history":[{"count":0,"href":"https:\/\/www.europesays.com\/fr\/wp-json\/wp\/v2\/posts\/589558\/revisions"}],"wp:featuredmedia":[{"embeddable":true,"href":"https:\/\/www.europesays.com\/fr\/wp-json\/wp\/v2\/media\/589559"}],"wp:attachment":[{"href":"https:\/\/www.europesays.com\/fr\/wp-json\/wp\/v2\/media?parent=589558"}],"wp:term":[{"taxonomy":"category","embeddable":true,"href":"https:\/\/www.europesays.com\/fr\/wp-json\/wp\/v2\/categories?post=589558"},{"taxonomy":"post_tag","embeddable":true,"href":"https:\/\/www.europesays.com\/fr\/wp-json\/wp\/v2\/tags?post=589558"}],"curies":[{"name":"wp","href":"https:\/\/api.w.org\/{rel}","templated":true}]}}