{"id":589561,"date":"2025-12-10T00:34:13","date_gmt":"2025-12-10T00:34:13","guid":{"rendered":"https:\/\/www.europesays.com\/fr\/589561\/"},"modified":"2025-12-10T00:34:13","modified_gmt":"2025-12-10T00:34:13","slug":"sanglier-abattu-pres-dune-route-la-garde-a-vue-du-chasseur-levee-son-avocat-defend-un-tir","status":"publish","type":"post","link":"https:\/\/www.europesays.com\/fr\/589561\/","title":{"rendered":"Sanglier abattu pr\u00e8s d\u2019une route\u00a0: la garde \u00e0 vue du chasseur lev\u00e9e, son avocat d\u00e9fend un tir"},"content":{"rendered":"<p><a href=\"https:\/\/chateauroux.maville.com\/actu\/actudet_-un-chasseur-place-en-garde-a-vue-apres-avoir-tire-sur-un-sanglier-pres-de-chateauroux-_38702-7099643_actu.Htm\" target=\"_blank\" rel=\"noopener\">La garde \u00e0 vue d\u2019un chasseur<\/a> ayant tir\u00e9 sur un sanglier aux abords d\u2019une route de l\u2019Indre, samedi, a \u00e9t\u00e9 lev\u00e9e ce mardi 9\u00a0d\u00e9cembre 2025 pour <strong>\u00ab\u00a0incompatibilit\u00e9 m\u00e9dicale\u00a0\u00bb,<\/strong> a indiqu\u00e9 le procureur de Ch\u00e2teauroux, David Marcat, au  <a href=\"https:\/\/www.lefigaro.fr\/faits-divers\/sanglier-abattu-par-un-chasseur-dans-l-indre-garde-a-vue-levee-le-procureur-promet-une-reponse-ferme-20251209\" target=\"_blank\" rel=\"noopener\">Figaro<\/a> .<\/p>\n<p>Le chasseur, \u00e2g\u00e9 de 76\u00a0ans, a \u00e9t\u00e9<strong> \u00ab\u00a0entendu librement en tant que mis en cause\u00a0\u00bb<\/strong> pour des faits qui <strong>\u00ab\u00a0semblent avoir \u00e9t\u00e9 effectu\u00e9s en dehors de toute action de chasse et donc, sans respect des r\u00e9glementations en mati\u00e8re d\u2019usage des armes, qui plus est en bordure de voie publique\u00a0\u00bb.<\/strong><\/p>\n<p>La pol\u00e9mique a \u00e9clat\u00e9 sur les r\u00e9seaux sociaux samedi, avec la publication d\u2019une vid\u00e9o sur Facebook. Les images montrent un chasseur tirant sur un sanglier situ\u00e9 le long d\u2019une route proche d\u2019une zone commerciale pr\u00e8s de Ch\u00e2teauroux (Indre), devant plusieurs automobilistes, et ne semblant pas respecter plusieurs mesures de s\u00e9curit\u00e9.<\/p>\n<p>La d\u00e9fense pointe \u00ab\u00a0la dangerosit\u00e9\u00a0\u00bb de l\u2019animal<\/p>\n<p>L\u2019avocat du chasseur, Ma\u00eetre J\u00e9r\u00e9my Schuletzki, explique \u00e0 <a href=\"https:\/\/www.francebleu.fr\/infos\/faits-divers-justice\/sanglier-tue-dans-l-indre-le-tir-etait-justifie-affirme-l-avocat-du-chasseur-6480511\" target=\"_blank\" rel=\"noopener\"> Ici Berry <\/a> que l\u2019action se justifiait par plusieurs raisons\u00a0: l\u2019animal aurait notamment <strong>\u00ab\u00a0entrav\u00e9 la circulation\u00a0\u00bb<\/strong> en traversant la route et <strong>\u00ab\u00a0fonc\u00e9 dans plusieurs v\u00e9hicules\u00a0\u00bb.<\/strong>\u00a0Par ailleurs, <strong>\u00ab\u00a0l\u2019\u00e9tat de dangerosit\u00e9 de l\u2019animal\u00a0; de la blessure que son coll\u00e8gue a re\u00e7ue \u00e0 la main et l\u2019axe passant de cette route qui aurait occasionn\u00e9 de nouvelles travers\u00e9es de l\u2019animal\u00a0\u00bb<\/strong> sont autant de raisons qui laissent \u00e0 penser, selon l\u2019avocat, que le tir \u00e9tait l\u00e9gitime.<\/p>\n<p><strong>\u00ab\u00a0L\u2019enqu\u00eate et les auditions se poursuivent et une r\u00e9ponse ferme du parquet sera donn\u00e9e\u00a0\u00bb,<\/strong> affirme le procureur au Figaro.\u00a0Nos confr\u00e8res indiquent par ailleurs que la pr\u00e9fecture a \u00e9t\u00e9 saisie afin de retirer le permis de chasse au mis en cause.<\/p>\n<p>\u00a0<\/p>\n","protected":false},"excerpt":{"rendered":"La garde \u00e0 vue d\u2019un chasseur ayant tir\u00e9 sur un sanglier aux abords d\u2019une route de l\u2019Indre, samedi,&hellip;\n","protected":false},"author":2,"featured_media":589562,"comment_status":"","ping_status":"","sticky":false,"template":"","format":"standard","meta":{"footnotes":""},"categories":[9619],"tags":[5943,1111,11,20933,14225,19234,1777,674,1011,27,8712,10623,70273,16023,12,3762,882,25,209,3213,39674,9805,2310,10624,13373],"class_list":{"0":"post-589561","1":"post","2":"type-post","3":"status-publish","4":"format-standard","5":"has-post-thumbnail","7":"category-toulon","8":"tag-abattu","9":"tag-actu","10":"tag-actualites","11":"tag-avocat","12":"tag-chasseur","13":"tag-defend","14":"tag-eu","15":"tag-europe","16":"tag-fr","17":"tag-france","18":"tag-garde","19":"tag-golfe","20":"tag-legitime","21":"tag-levee","22":"tag-news","23":"tag-pres","24":"tag-provence-alpes-cote-dazur","25":"tag-republique-francaise","26":"tag-route","27":"tag-saint","28":"tag-sanglier","29":"tag-tir","30":"tag-toulon","31":"tag-tropez","32":"tag-vue"},"share_on_mastodon":{"url":"https:\/\/pubeurope.com\/@fr\/115692467911211912","error":""},"_links":{"self":[{"href":"https:\/\/www.europesays.com\/fr\/wp-json\/wp\/v2\/posts\/589561","targetHints":{"allow":["GET"]}}],"collection":[{"href":"https:\/\/www.europesays.com\/fr\/wp-json\/wp\/v2\/posts"}],"about":[{"href":"https:\/\/www.europesays.com\/fr\/wp-json\/wp\/v2\/types\/post"}],"author":[{"embeddable":true,"href":"https:\/\/www.europesays.com\/fr\/wp-json\/wp\/v2\/users\/2"}],"replies":[{"embeddable":true,"href":"https:\/\/www.europesays.com\/fr\/wp-json\/wp\/v2\/comments?post=589561"}],"version-history":[{"count":0,"href":"https:\/\/www.europesays.com\/fr\/wp-json\/wp\/v2\/posts\/589561\/revisions"}],"wp:featuredmedia":[{"embeddable":true,"href":"https:\/\/www.europesays.com\/fr\/wp-json\/wp\/v2\/media\/589562"}],"wp:attachment":[{"href":"https:\/\/www.europesays.com\/fr\/wp-json\/wp\/v2\/media?parent=589561"}],"wp:term":[{"taxonomy":"category","embeddable":true,"href":"https:\/\/www.europesays.com\/fr\/wp-json\/wp\/v2\/categories?post=589561"},{"taxonomy":"post_tag","embeddable":true,"href":"https:\/\/www.europesays.com\/fr\/wp-json\/wp\/v2\/tags?post=589561"}],"curies":[{"name":"wp","href":"https:\/\/api.w.org\/{rel}","templated":true}]}}