{"id":589567,"date":"2025-12-10T00:37:15","date_gmt":"2025-12-10T00:37:15","guid":{"rendered":"https:\/\/www.europesays.com\/fr\/589567\/"},"modified":"2025-12-10T00:37:15","modified_gmt":"2025-12-10T00:37:15","slug":"previsions-du-mercredi-10-decembre-2025","status":"publish","type":"post","link":"https:\/\/www.europesays.com\/fr\/589567\/","title":{"rendered":"pr\u00e9visions du mercredi 10 d\u00e9cembre 2025"},"content":{"rendered":"<p>Des averses tomberont aujourd&rsquo;hui, \u00e0 Montpellier. Les valeurs avoisineront les 13\u00b0C. Le matin, le thermom\u00e8tre affichera 12\u00b0C en moyenne. Un vent de nord-est soufflera l\u00e9g\u00e8rement, avec 17 km\/h. Les temp\u00e9ratures seront de 13\u00b0C au plus bas et de 14\u00b0C au maximum l&rsquo;apr\u00e8s-midi. La grisaille ne se disperse toujours pas, il va y avoir encore des nuages le soir. Des pluies \u00e9parses vont tomber sur la ville. C&rsquo;est un ciel limpide que conna\u00eetra la nuit de mercredi \u00e0 jeudi.<\/p>\n<p>Demain, les valeurs s&rsquo;\u00e9chelonneront entre 11 et 14\u00b0C \u00e0 Montpellier. La m\u00e9t\u00e9o devrait s&rsquo;am\u00e9liorer pendant la matin\u00e9e. Les temp\u00e9ratures avoisineront les 12\u00b0C. Un l\u00e9ger vent de nord-est sera ressenti par les habitants. Un beau soleil est attendu demain apr\u00e8s-midi. Les temp\u00e9ratures afficheront entre 12 et 14\u00b0C. Apr\u00e8s un \u00e9pisode nuageux on annonce des \u00e9claircies pour cette soir\u00e9e. Il va faire environ 11\u00b0C. Une brise de nord-est soufflera doucement.<\/p>\n<p>Le temps sera assez mitig\u00e9 pour les jours \u00e0 venir. Apr\u00e8s une journ\u00e9e pluvieuse vendredi, on pr\u00e9voit une am\u00e9lioration samedi.<\/p>\n<p><\/p>\n","protected":false},"excerpt":{"rendered":"Des averses tomberont aujourd&rsquo;hui, \u00e0 Montpellier. Les valeurs avoisineront les 13\u00b0C. Le matin, le thermom\u00e8tre affichera 12\u00b0C en&hellip;\n","protected":false},"author":2,"featured_media":589568,"comment_status":"","ping_status":"","sticky":false,"template":"","format":"standard","meta":{"footnotes":""},"categories":[9599],"tags":[1111,11,1777,674,1011,27,2208,12,2680,2119,25],"class_list":{"0":"post-589567","1":"post","2":"type-post","3":"status-publish","4":"format-standard","5":"has-post-thumbnail","7":"category-montpellier","8":"tag-actu","9":"tag-actualites","10":"tag-eu","11":"tag-europe","12":"tag-fr","13":"tag-france","14":"tag-montpellier","15":"tag-news","16":"tag-occitanie","17":"tag-previsions-meteo","18":"tag-republique-francaise"},"share_on_mastodon":{"url":"https:\/\/pubeurope.com\/@fr\/115692479691750773","error":""},"_links":{"self":[{"href":"https:\/\/www.europesays.com\/fr\/wp-json\/wp\/v2\/posts\/589567","targetHints":{"allow":["GET"]}}],"collection":[{"href":"https:\/\/www.europesays.com\/fr\/wp-json\/wp\/v2\/posts"}],"about":[{"href":"https:\/\/www.europesays.com\/fr\/wp-json\/wp\/v2\/types\/post"}],"author":[{"embeddable":true,"href":"https:\/\/www.europesays.com\/fr\/wp-json\/wp\/v2\/users\/2"}],"replies":[{"embeddable":true,"href":"https:\/\/www.europesays.com\/fr\/wp-json\/wp\/v2\/comments?post=589567"}],"version-history":[{"count":0,"href":"https:\/\/www.europesays.com\/fr\/wp-json\/wp\/v2\/posts\/589567\/revisions"}],"wp:featuredmedia":[{"embeddable":true,"href":"https:\/\/www.europesays.com\/fr\/wp-json\/wp\/v2\/media\/589568"}],"wp:attachment":[{"href":"https:\/\/www.europesays.com\/fr\/wp-json\/wp\/v2\/media?parent=589567"}],"wp:term":[{"taxonomy":"category","embeddable":true,"href":"https:\/\/www.europesays.com\/fr\/wp-json\/wp\/v2\/categories?post=589567"},{"taxonomy":"post_tag","embeddable":true,"href":"https:\/\/www.europesays.com\/fr\/wp-json\/wp\/v2\/tags?post=589567"}],"curies":[{"name":"wp","href":"https:\/\/api.w.org\/{rel}","templated":true}]}}