{"id":589570,"date":"2025-12-10T00:40:19","date_gmt":"2025-12-10T00:40:19","guid":{"rendered":"https:\/\/www.europesays.com\/fr\/589570\/"},"modified":"2025-12-10T00:40:19","modified_gmt":"2025-12-10T00:40:19","slug":"marche-de-noel-a-seyssins-une-matinee-feerique-a-ne-pas-manquer","status":"publish","type":"post","link":"https:\/\/www.europesays.com\/fr\/589570\/","title":{"rendered":"March\u00e9 de No\u00ebl \u00e0 Seyssins : une matin\u00e9e f\u00e9\u00e9rique \u00e0 ne pas manquer !"},"content":{"rendered":"<p>La magie de No\u00ebl s&rsquo;invite \u00e0 Seyssins avec son traditionnel March\u00e9 de No\u00ebl, qui se tiendra le dimanche 14 d\u00e9cembre, de 9h \u00e0 15h, sur l&rsquo;esplanade du Boulodrome Andr\u00e9-Comtat.<\/p>\n<p>Des id\u00e9es cadeaux pour tous les go\u00fbts<\/p>\n<p>En plus du march\u00e9 alimentaire hebdomadaire, une vingtaine d&rsquo;exposants seront pr\u00e9sents pour vous faire d\u00e9couvrir de magnifiques cr\u00e9ations artisanales :<br \/>bijoux, c\u00e9ramiques, bougies, savons, aquarelles, compositions florales de No\u00ebl\u2026 Autant de belles id\u00e9es pour trouver des cadeaux uniques et faire plaisir \u00e0 vos proches.<\/p>\n<p>Une pause gourmande et r\u00e9confortante<\/p>\n<p>Pour vous r\u00e9chauffer dans l&rsquo;ambiance hivernale, des stands proposeront :<br \/>vin chaud, caf\u00e9, chocolat chaud et cr\u00eapes, de quoi ravir petits et grands gourmands.<\/p>\n<p>Le P\u00e8re No\u00ebl sera de la f\u00eate<\/p>\n<p>Moment magique pour les enfants : le P\u00e8re No\u00ebl fera une apparition \u00e0 10h pour le plus grand bonheur des familles.<\/p>\n<p>La magie de No\u00ebl s&rsquo;invite \u00e0 Seyssins avec son traditionnel March\u00e9 de No\u00ebl, qui se tiendra le dimanche 14 d\u00e9cembre, de 9h \u00e0 15h, sur l&rsquo;esplanade du Boulodrome Andr\u00e9-Comtat<\/p>\n<p>Plus d&rsquo;infos sur le site <a class=\"url\" href=\"https:\/\/www.seyssins.fr\/actualite\/555\/17-noel-a-seyssins-.htm\" target=\"_blank\" rel=\"noopener\">www.seyssins.fr<\/a><\/p>\n<p>Max Radio est partenaire de l&rsquo;\u00e9v\u00e8nement<\/p>\n<tr>\n<td class=\"defaut\"><a href=\"https:\/\/www.radioscoop.com\/agenda\/javascript:void(0)\" onclick=\"parent.RS.diaporama.addMedia(718598) ;\" target=\"_blank\" rel=\"noopener\"><img loading=\"lazy\" decoding=\"async\" src=\"https:\/\/www.europesays.com\/fr\/wp-content\/uploads\/2025\/12\/1765327219_745_img\" width=\"453\" height=\"640\" border=\"0\" title=\"March\u00e9 de No\u00ebl \u00e0 Seyssins\"\/><\/a><\/td>\n<\/tr>\n<p><\/p>\n","protected":false},"excerpt":{"rendered":"La magie de No\u00ebl s&rsquo;invite \u00e0 Seyssins avec son traditionnel March\u00e9 de No\u00ebl, qui se tiendra le dimanche&hellip;\n","protected":false},"author":2,"featured_media":589571,"comment_status":"","ping_status":"","sticky":false,"template":"","format":"standard","meta":{"footnotes":""},"categories":[9566],"tags":[1111,11,2430,1777,674,1011,27,2731,18005,63631,70274,48246,12,63629,25],"class_list":{"0":"post-589570","1":"post","2":"type-post","3":"status-publish","4":"format-standard","5":"has-post-thumbnail","7":"category-grenoble","8":"tag-actu","9":"tag-actualites","10":"tag-auvergne-rhone-alpes","11":"tag-eu","12":"tag-europe","13":"tag-fr","14":"tag-france","15":"tag-grenoble","16":"tag-march","17":"tag-march-de-nol","18":"tag-march-de-nol-de-seyssins","19":"tag-max-radio","20":"tag-news","21":"tag-nol","22":"tag-republique-francaise"},"share_on_mastodon":{"url":"https:\/\/pubeurope.com\/@fr\/115692491705930879","error":""},"_links":{"self":[{"href":"https:\/\/www.europesays.com\/fr\/wp-json\/wp\/v2\/posts\/589570","targetHints":{"allow":["GET"]}}],"collection":[{"href":"https:\/\/www.europesays.com\/fr\/wp-json\/wp\/v2\/posts"}],"about":[{"href":"https:\/\/www.europesays.com\/fr\/wp-json\/wp\/v2\/types\/post"}],"author":[{"embeddable":true,"href":"https:\/\/www.europesays.com\/fr\/wp-json\/wp\/v2\/users\/2"}],"replies":[{"embeddable":true,"href":"https:\/\/www.europesays.com\/fr\/wp-json\/wp\/v2\/comments?post=589570"}],"version-history":[{"count":0,"href":"https:\/\/www.europesays.com\/fr\/wp-json\/wp\/v2\/posts\/589570\/revisions"}],"wp:featuredmedia":[{"embeddable":true,"href":"https:\/\/www.europesays.com\/fr\/wp-json\/wp\/v2\/media\/589571"}],"wp:attachment":[{"href":"https:\/\/www.europesays.com\/fr\/wp-json\/wp\/v2\/media?parent=589570"}],"wp:term":[{"taxonomy":"category","embeddable":true,"href":"https:\/\/www.europesays.com\/fr\/wp-json\/wp\/v2\/categories?post=589570"},{"taxonomy":"post_tag","embeddable":true,"href":"https:\/\/www.europesays.com\/fr\/wp-json\/wp\/v2\/tags?post=589570"}],"curies":[{"name":"wp","href":"https:\/\/api.w.org\/{rel}","templated":true}]}}