{"id":589572,"date":"2025-12-10T00:41:16","date_gmt":"2025-12-10T00:41:16","guid":{"rendered":"https:\/\/www.europesays.com\/fr\/589572\/"},"modified":"2025-12-10T00:41:16","modified_gmt":"2025-12-10T00:41:16","slug":"municipales-a-grenoble-herve-gerbi-horizons-appelle-a-un-rassemblement-du-bloc-central","status":"publish","type":"post","link":"https:\/\/www.europesays.com\/fr\/589572\/","title":{"rendered":"Municipales \u00e0 Grenoble : Herv\u00e9 Gerbi (Horizons) appelle \u00e0 un rassemblement du bloc central"},"content":{"rendered":"<p>09\/12\/2025 &#8211; 17:39<\/p>\n<p>\t\t\t\t\t\t\t\t&#13;<br \/>\n&#13;<br \/>\n&#13;<br \/>\n&#13;<br \/>\n&#13;<\/p>\n<p>Depuis son local de campagne au 27 rue de la Poste, Herv\u00e9 Gerbi, candidat Horizons \u00e0 la mairie de Grenoble, a r\u00e9affirm\u00e9 sa volont\u00e9 de porter une alternative centrale, populaire et \u00e9cologique. A moins de 100 jours du 1er tour,<strong> il lance un appel au rapprochement a<\/strong>vec la liste de Pierre-\u00c9douard Cardinal (Renaissance) pour structurer le bloc central.<\/p>\n<p><strong>\u00ab J\u2019ai la conviction que nous pouvons gagner cette \u00e9lection \u00bb<\/strong><\/p>\n<p>Herv\u00e9 Gerbi rappelle son ant\u00e9riorit\u00e9 de candidat : \u00ab <strong>223 jours se sont \u00e9coul\u00e9s depuis que j\u2019ai annonc\u00e9 ma candidature<\/strong> \u00e0 Grenoble, 137 jours depuis ma d\u00e9signation par Horizons, et il reste 97 jours avant le premier tour. \u00bb Il estime que ce d\u00e9lai est suffisant : \u00ab Personne n\u2019avait pr\u00e9vu la victoire de Macron. Tout est possible. \u00bb<\/p>\n<p>Il note la dynamique de son meeting du 27 novembre \u00e0 l&rsquo;amphith\u00e9\u00e2tre de Grenoble Montagnes: \u00ab Il y avait bien plus de monde que pr\u00e9vu. <strong>Ce souffle porte<\/strong> et j\u2019ai la certitude qu\u2019on ne va pas l\u2019arr\u00eater. \u00bb<\/p>\n<p><strong>Un appel clair au bloc central<\/strong><\/p>\n<p>Le candidat souhaite un rapprochement avec <a href=\"https:\/\/www.telegrenoble.net\/informations-grenoble\/actualite\/municipales-a-grenoble-les-macronistes-se-lancent-finalement-mais-en-deuxieme-ligne_7652.html\" target=\"_blank\" rel=\"noopener\">la liste macroniste de Pierre-\u00c9douard Cardinal\u00a0<\/a>\u00a0: \u00ab Nous sommes sur le m\u00eame bloc central. Il est normal d\u2019\u00e9changer. \u00bb<\/p>\n<p>Herv\u00e9 Gerbi pr\u00e9cise la <strong>proximit\u00e9 g\u00e9ographique de leurs QG :<\/strong> \u00ab Mon local est au 27 rue de la Poste. Le sien est 16 rue de Sault, \u00e0 peine \u00e0 30 m\u00e8tres. Mais pour l\u2019instant, je ne le connais pas et <strong>il n\u2019est pas venu se pr\u00e9senter \u00e0 moi<\/strong>. \u00bb<\/p>\n<p>Il propose de b\u00e2tir, d\u2019ici janvier, un <strong>\u00ab socle de responsabilit\u00e9 \u00bb<\/strong> sur dix th\u00e9matiques cl\u00e9s : s\u00e9curit\u00e9, finances, \u00e9cologie, \u00e9ducation, sport, culture, commerce, innovation, emploi, logement, sant\u00e9, politique sociale et d\u00e9mocratie locale.<\/p>\n<p><strong>Le bloc central, seule alternative ?<\/strong><\/p>\n<p>Gerbi se pose en alternative aux Verts et \u00e0 l\u2019extr\u00eame gauche : \u00ab <strong>La vision de Laurence Ruffin est de demander une nouvelle contribution financi\u00e8re aux habitants.<\/strong> Nous, nous voulons un centre populaire, \u00e9cologique, s\u00e9rieux et r\u00e9publicain. \u00bb .\u00a0Il souligne aussi l\u2019affaiblissement de la droite locale : \u00ab <strong>La droite s\u2019\u00e9puise dans un tout-s\u00e9curitaire<\/strong> depuis vingt ans. \u00bb .\u00a0Selon lui, plusieurs signaux montrent que le centre peut l\u2019emporter : \u00ab Nous sommes la seule force capable de cr\u00e9er une dynamique d\u2019alternance et d\u2019\u00eatre le vote utile du premier tour. \u00bb<\/p>\n<p><strong>Dialogue avec la gauche et la droite mod\u00e9r\u00e9e<\/strong><\/p>\n<p>Herv\u00e9 Gerbi se dit ouvert \u00e0 toutes les discussions : <strong>\u00ab Il faut parler au plus grand nombre, de la gauche mod\u00e9r\u00e9e \u00e0 la droite mod\u00e9r\u00e9e.<\/strong> L\u2019int\u00e9r\u00eat g\u00e9n\u00e9ral doit nous guider. \u00bb .\u00a0Il rappelle son exp\u00e9rience politique pour illustrer cette culture du dialogue : \u00ab L\u2019important, c\u2019est le fond. \u00bb<\/p>\n<p>\u00a0<\/p>\n","protected":false},"excerpt":{"rendered":"09\/12\/2025 &#8211; 17:39 &#13; &#13; &#13; &#13; &#13; Depuis son local de campagne au 27 rue de la&hellip;\n","protected":false},"author":2,"featured_media":589573,"comment_status":"","ping_status":"","sticky":false,"template":"","format":"standard","meta":{"footnotes":""},"categories":[9566],"tags":[1111,11,2430,1777,674,1011,27,2731,12,25],"class_list":{"0":"post-589572","1":"post","2":"type-post","3":"status-publish","4":"format-standard","5":"has-post-thumbnail","7":"category-grenoble","8":"tag-actu","9":"tag-actualites","10":"tag-auvergne-rhone-alpes","11":"tag-eu","12":"tag-europe","13":"tag-fr","14":"tag-france","15":"tag-grenoble","16":"tag-news","17":"tag-republique-francaise"},"share_on_mastodon":{"url":"https:\/\/pubeurope.com\/@fr\/115692495481350844","error":""},"_links":{"self":[{"href":"https:\/\/www.europesays.com\/fr\/wp-json\/wp\/v2\/posts\/589572","targetHints":{"allow":["GET"]}}],"collection":[{"href":"https:\/\/www.europesays.com\/fr\/wp-json\/wp\/v2\/posts"}],"about":[{"href":"https:\/\/www.europesays.com\/fr\/wp-json\/wp\/v2\/types\/post"}],"author":[{"embeddable":true,"href":"https:\/\/www.europesays.com\/fr\/wp-json\/wp\/v2\/users\/2"}],"replies":[{"embeddable":true,"href":"https:\/\/www.europesays.com\/fr\/wp-json\/wp\/v2\/comments?post=589572"}],"version-history":[{"count":0,"href":"https:\/\/www.europesays.com\/fr\/wp-json\/wp\/v2\/posts\/589572\/revisions"}],"wp:featuredmedia":[{"embeddable":true,"href":"https:\/\/www.europesays.com\/fr\/wp-json\/wp\/v2\/media\/589573"}],"wp:attachment":[{"href":"https:\/\/www.europesays.com\/fr\/wp-json\/wp\/v2\/media?parent=589572"}],"wp:term":[{"taxonomy":"category","embeddable":true,"href":"https:\/\/www.europesays.com\/fr\/wp-json\/wp\/v2\/categories?post=589572"},{"taxonomy":"post_tag","embeddable":true,"href":"https:\/\/www.europesays.com\/fr\/wp-json\/wp\/v2\/tags?post=589572"}],"curies":[{"name":"wp","href":"https:\/\/api.w.org\/{rel}","templated":true}]}}