{"id":589576,"date":"2025-12-10T00:43:12","date_gmt":"2025-12-10T00:43:12","guid":{"rendered":"https:\/\/www.europesays.com\/fr\/589576\/"},"modified":"2025-12-10T00:43:12","modified_gmt":"2025-12-10T00:43:12","slug":"previsions-du-mercredi-10-decembre-2025-2","status":"publish","type":"post","link":"https:\/\/www.europesays.com\/fr\/589576\/","title":{"rendered":"pr\u00e9visions du mercredi 10 d\u00e9cembre 2025"},"content":{"rendered":"<p>\u00c0 Rennes, les maximales pourront atteindre 13\u00b0C dans la journ\u00e9e tandis que les minimales seront de 8\u00b0C. Un modeste vent de sud-ouest sera ressenti par les habitants. Le matin, on fera face \u00e0 des bancs de brouillard. Les temp\u00e9ratures seront comprises entre 10 et 12\u00b0C. Des \u00e9claircies sont attendues : on passera un apr\u00e8s-midi cl\u00e9ment. Les valeurs s&rsquo;\u00e9chelonneront de 10 \u00e0 13\u00b0C. Dans la soir\u00e9e, les temp\u00e9ratures tourneront autour des 9\u00b0C. Le ciel sera brumeux dans la nuit de mercredi \u00e0 jeudi.<\/p>\n<p>Les nuages seront pr\u00e9sents demain \u00e0 Rennes. Une diminution du mercure est attendue. Il va faire environ 9\u00b0C. Un vent de sud-est rafra\u00eechira l\u00e9g\u00e8rement l&rsquo;atmosph\u00e8re. Le temps sera au brouillard dans la matin\u00e9e. Les temp\u00e9ratures tourneront autour des 7\u00b0C. Demain apr\u00e8s-midi, c&rsquo;est sur un ciel tapiss\u00e9 de nuages qu&rsquo;il faudra compter. D&rsquo;un autre c\u00f4t\u00e9, les temp\u00e9ratures vont monter de quelques degr\u00e9s. Les valeurs seront de 9\u00b0C au plus bas et de 12\u00b0C au maximum. Les nuages en pr\u00e9vision demain soir, et un ciel encore gris. Il fera 9\u00b0C en moyenne.<\/p>\n<p>On s&rsquo;attend \u00e0 une am\u00e9lioration samedi, apr\u00e8s une journ\u00e9e nuageuse vendredi.<\/p>\n<p><\/p>\n","protected":false},"excerpt":{"rendered":"\u00c0 Rennes, les maximales pourront atteindre 13\u00b0C dans la journ\u00e9e tandis que les minimales seront de 8\u00b0C. Un&hellip;\n","protected":false},"author":2,"featured_media":589577,"comment_status":"","ping_status":"","sticky":false,"template":"","format":"standard","meta":{"footnotes":""},"categories":[2821],"tags":[1111,11,829,1777,674,1011,27,12,2119,584,25],"class_list":{"0":"post-589576","1":"post","2":"type-post","3":"status-publish","4":"format-standard","5":"has-post-thumbnail","7":"category-rennes","8":"tag-actu","9":"tag-actualites","10":"tag-bretagne","11":"tag-eu","12":"tag-europe","13":"tag-fr","14":"tag-france","15":"tag-news","16":"tag-previsions-meteo","17":"tag-rennes","18":"tag-republique-francaise"},"share_on_mastodon":{"url":"https:\/\/pubeurope.com\/@fr\/115692503467158158","error":""},"_links":{"self":[{"href":"https:\/\/www.europesays.com\/fr\/wp-json\/wp\/v2\/posts\/589576","targetHints":{"allow":["GET"]}}],"collection":[{"href":"https:\/\/www.europesays.com\/fr\/wp-json\/wp\/v2\/posts"}],"about":[{"href":"https:\/\/www.europesays.com\/fr\/wp-json\/wp\/v2\/types\/post"}],"author":[{"embeddable":true,"href":"https:\/\/www.europesays.com\/fr\/wp-json\/wp\/v2\/users\/2"}],"replies":[{"embeddable":true,"href":"https:\/\/www.europesays.com\/fr\/wp-json\/wp\/v2\/comments?post=589576"}],"version-history":[{"count":0,"href":"https:\/\/www.europesays.com\/fr\/wp-json\/wp\/v2\/posts\/589576\/revisions"}],"wp:featuredmedia":[{"embeddable":true,"href":"https:\/\/www.europesays.com\/fr\/wp-json\/wp\/v2\/media\/589577"}],"wp:attachment":[{"href":"https:\/\/www.europesays.com\/fr\/wp-json\/wp\/v2\/media?parent=589576"}],"wp:term":[{"taxonomy":"category","embeddable":true,"href":"https:\/\/www.europesays.com\/fr\/wp-json\/wp\/v2\/categories?post=589576"},{"taxonomy":"post_tag","embeddable":true,"href":"https:\/\/www.europesays.com\/fr\/wp-json\/wp\/v2\/tags?post=589576"}],"curies":[{"name":"wp","href":"https:\/\/api.w.org\/{rel}","templated":true}]}}