{"id":589578,"date":"2025-12-10T00:44:20","date_gmt":"2025-12-10T00:44:20","guid":{"rendered":"https:\/\/www.europesays.com\/fr\/589578\/"},"modified":"2025-12-10T00:44:20","modified_gmt":"2025-12-10T00:44:20","slug":"ce-soir-strasbourg-rend-hommage-aux-victimes-de-lattentat-de-2018","status":"publish","type":"post","link":"https:\/\/www.europesays.com\/fr\/589578\/","title":{"rendered":"ce soir, Strasbourg rend hommage aux victimes de l\u2019attentat de 2018"},"content":{"rendered":"<p>    <img loading=\"lazy\" width=\"1800\" height=\"900\" src=\"https:\/\/www.europesays.com\/fr\/wp-content\/uploads\/2025\/11\/jeanne-callthepolice.jpg\" class=\"attachment-full size-full\" alt=\"\" id=\"imageLove\" decoding=\"async\"  \/><\/p>\n<p id=\"breadcrumbs\"><a href=\"https:\/\/pokaa.fr\/\" target=\"_blank\" rel=\"noopener\">Accueil<\/a> \/ <a href=\"https:\/\/pokaa.fr\/categories\/actu\/\" target=\"_blank\" rel=\"noopener\">Info locale<\/a> \/ On n\u2019oublie pas : ce soir, Strasbourg rend hommage aux victimes de l\u2019attentat de 2018<\/p>\n<p>                    Info locale<\/p>\n<p><b>Le 11 d\u00e9cembre 2025 marque le septi\u00e8me et douloureux anniversaire de l\u2019attentat de Strasbourg. Pour comm\u00e9morer et rendre hommage aux victimes et \u00e0 leurs proches, la Ville organise un temps de recueillement. Par ailleurs, un concert d\u2019hommage est organis\u00e9 ce 10 d\u00e9cembre \u00e0 20h au Palais de la musique et des congr\u00e8s.<\/b><\/p>\n<p class=\"p1\">Sept ans plus tard, la douleur reste vivace. <b>Le 11 d\u00e9cembre 2018, un effroyable attentat terroriste frappait Strasbourg<\/b>, faisant 5 morts, 11 bless\u00e9(e)s et traumatisant de nombreuses autres personnes.<\/p>\n<p class=\"p1\">Depuis, pour ne jamais oublier, Strasbourg comm\u00e9more, se souvient et rend hommage chaque ann\u00e9e aux victimes et \u00e0 leurs familles.<b> Pour se souvenir de celles et ceux qui sont parti(e)s, tout en honorant celles et ceux qui restent<\/b>. En cette ann\u00e9e 2025, la comm\u00e9moration se fait en deux temps : d\u2019abord la soir\u00e9e du 10 d\u00e9cembre, puis la matin\u00e9e du 11.<\/p>\n<p>    <img width=\"800\" height=\"511\" src=\"https:\/\/www.europesays.com\/fr\/wp-content\/uploads\/2025\/12\/lendemain-attentat-11-12-decembre-strasbourg-marche-noel-42.jpg\" class=\"attachment-image-size-L size-image-size-L\" alt=\"lendemain attentat 11 12 decembre strasbourg marche noel  (42)\" decoding=\"async\" loading=\"lazy\"  \/>         \u00a9 Martin Lelievre \/ Pokaa <\/p>\n<p>Un concert en hommage aux victimes au Palais de la musique et des congr\u00e8s<\/p>\n<p class=\"p1\">Organis\u00e9 depuis quatre ans par l\u2019association \u00ab Strasbourg des larmes au sourire \u00bb et \u00ab Strasbourg ensemble et solidaire \u00bb, le concert se tiendra exceptionnellement cette ann\u00e9e le 10 d\u00e9cembre, plut\u00f4t que le 11. Toujours au Palais de la musique et des congr\u00e8s,<b> il invite des groupes et artistes locaux\/les sur sc\u00e8ne pour rendre \u00e0 leur tour hommage \u00e0 toutes les victimes \u00e0 partir de 20h<\/b> [les portes ouvrant d\u00e8s 19h, ndlr].<\/p>\n<p class=\"p1\">Des coll\u00e9gien(ne)s et lyc\u00e9en(ne)s [une classe de 2nde et une autre de 3e, ndlr] viendront \u00e9galement restituer le fruit de leur r\u00e9flexion et exprimeront leur talent sur la sc\u00e8ne de la salle \u00c9rasme. <b>Comme toujours, le concert est gratuit<\/b>, mais il faut tout de m\u00eame se procurer un billet, <a href=\"https:\/\/my.weezevent.com\/concert-hommage-aux-victimes-de-lattentat-de-strasbourg-7eme-annee\" target=\"_blank\" rel=\"noopener\">disponible en suivant ce lien<\/a>.<\/p>\n<p>    <img width=\"800\" height=\"533\" src=\"https:\/\/www.europesays.com\/fr\/wp-content\/uploads\/2025\/12\/lendemain-attentat-11-12-decembre-strasbourg-marche-noel-50.jpg\" class=\"attachment-image-size-L size-image-size-L\" alt=\"lendemain attentat 11 12 decembre strasbourg marche noel  (50)\" decoding=\"async\" loading=\"lazy\"  \/>         \u00a9 Martin Lelievre \/ Pokaa <\/p>\n<p>Un temps de comm\u00e9moration place de la R\u00e9publique le 11 d\u00e9cembre<\/p>\n<p class=\"p1\">Le lendemain, pour l\u2019anniversaire douloureux de l\u2019attentat, <b>un temps de comm\u00e9moration sera organis\u00e9 \u00e0 11h place de la R\u00e9publique, autour de la st\u00e8le<\/b>.<\/p>\n<p class=\"p1\">Diff\u00e9rent(e)s \u00e9lu(e)s, dont la maire de Strasbourg et son adjointe \u00e0 l\u2019aide aux victimes, rendront ainsi hommage aux victimes et exprimeront tout leur soutien aux familles et \u00e0 leurs proches. <strong>Pour ne jamais oublier.<\/strong><\/p>\n<p>    <img width=\"800\" height=\"569\" src=\"https:\/\/www.europesays.com\/fr\/wp-content\/uploads\/2025\/12\/lendemain-attentat-11-12-decembre-strasbourg-marche-noel-51.jpg\" class=\"attachment-image-size-L size-image-size-L\" alt=\"lendemain attentat 11 12 decembre strasbourg marche noel  (51)\" decoding=\"async\" loading=\"lazy\"  \/>         \u00a9 Martin Lelievre \/ Pokaa <\/p>\n<p>            7 ans apr\u00e8s : comm\u00e9moration des victimes de l&rsquo;attentat de Strasbourg<\/p>\n<p>            Quoi ?<br \/>\n            Concert gratuit et c\u00e9r\u00e9monie d\u2019hommage<\/p>\n<p>                Quand ?<\/p>\n<p>10 d\u00e9cembre \u00e0 20h, puis 11 d\u00e9cembre \u00e0 11h<\/p>\n<p>            o\u00f9 ?<\/p>\n<p>10 d\u00e9cembre : au Palais de la musique et des congr\u00e8s, place de Bordeaux, \u00e0 Strasbourg<br \/>11 d\u00e9cembre : \u00e0 la st\u00e8le, place de la R\u00e9publique, \u00e0 Strasbourg<\/p>\n<p>                Plus d&rsquo;infos ?<\/p>\n<p><a href=\"https:\/\/my.weezevent.com\/concert-hommage-aux-victimes-de-lattentat-de-strasbourg-7eme-annee\" target=\"_blank\" rel=\"noopener\">La billetterie du concert<\/a><\/p>\n","protected":false},"excerpt":{"rendered":"Accueil \/ Info locale \/ On n\u2019oublie pas : ce soir, Strasbourg rend hommage aux victimes de l\u2019attentat&hellip;\n","protected":false},"author":2,"featured_media":589579,"comment_status":"","ping_status":"","sticky":false,"template":"","format":"standard","meta":{"footnotes":""},"categories":[2820],"tags":[1111,11,5581,70276,1777,674,1011,27,775,36053,12,25,640],"class_list":{"0":"post-589578","1":"post","2":"type-post","3":"status-publish","4":"format-standard","5":"has-post-thumbnail","7":"category-strasbourg","8":"tag-actu","9":"tag-actualites","10":"tag-attentat","11":"tag-attentat-2018","12":"tag-eu","13":"tag-europe","14":"tag-fr","15":"tag-france","16":"tag-grand-est","17":"tag-marche-de-noel","18":"tag-news","19":"tag-republique-francaise","20":"tag-strasbourg"},"share_on_mastodon":{"url":"https:\/\/pubeurope.com\/@fr\/115692508153932312","error":""},"_links":{"self":[{"href":"https:\/\/www.europesays.com\/fr\/wp-json\/wp\/v2\/posts\/589578","targetHints":{"allow":["GET"]}}],"collection":[{"href":"https:\/\/www.europesays.com\/fr\/wp-json\/wp\/v2\/posts"}],"about":[{"href":"https:\/\/www.europesays.com\/fr\/wp-json\/wp\/v2\/types\/post"}],"author":[{"embeddable":true,"href":"https:\/\/www.europesays.com\/fr\/wp-json\/wp\/v2\/users\/2"}],"replies":[{"embeddable":true,"href":"https:\/\/www.europesays.com\/fr\/wp-json\/wp\/v2\/comments?post=589578"}],"version-history":[{"count":0,"href":"https:\/\/www.europesays.com\/fr\/wp-json\/wp\/v2\/posts\/589578\/revisions"}],"wp:featuredmedia":[{"embeddable":true,"href":"https:\/\/www.europesays.com\/fr\/wp-json\/wp\/v2\/media\/589579"}],"wp:attachment":[{"href":"https:\/\/www.europesays.com\/fr\/wp-json\/wp\/v2\/media?parent=589578"}],"wp:term":[{"taxonomy":"category","embeddable":true,"href":"https:\/\/www.europesays.com\/fr\/wp-json\/wp\/v2\/categories?post=589578"},{"taxonomy":"post_tag","embeddable":true,"href":"https:\/\/www.europesays.com\/fr\/wp-json\/wp\/v2\/tags?post=589578"}],"curies":[{"name":"wp","href":"https:\/\/api.w.org\/{rel}","templated":true}]}}