{"id":589580,"date":"2025-12-10T00:45:17","date_gmt":"2025-12-10T00:45:17","guid":{"rendered":"https:\/\/www.europesays.com\/fr\/589580\/"},"modified":"2025-12-10T00:45:17","modified_gmt":"2025-12-10T00:45:17","slug":"previsions-du-mercredi-10-decembre-2025-3","status":"publish","type":"post","link":"https:\/\/www.europesays.com\/fr\/589580\/","title":{"rendered":"pr\u00e9visions du mercredi 10 d\u00e9cembre 2025"},"content":{"rendered":"<p>\u00c0 Strasbourg, la journ\u00e9e va rester grise \u00e0 cause de nuages qui perdurent dans le ciel. Le mercure affichera 9\u00b0C en moyenne. La grisaille ne se dissipe toujours pas, il y aura encore des nuages le matin. Les valeurs seront comprises entre 8\u00b0C et 10\u00b0C. Un vent de sud soufflera un peu, avec 11 km\/h. L&rsquo;apr\u00e8s-midi, toujours de petits nuages dans le ciel qui emp\u00eachent le soleil d&rsquo;appara\u00eetre. Les temp\u00e9ratures afficheront entre 10 et 11\u00b0C. Les nuages \u00e0 pr\u00e9voir le soir, et un ciel encore maussade. Il faudra pr\u00e9voir son parapluie pour \u00e9viter les pluies \u00e9parses. Il va faire en moyenne 10\u00b0C. Entre mercredi et jeudi, la nuit sera brumeuse.<\/p>\n<p>Le ciel de Strasbourg sera relativement lumineux, avec quelques \u00e9claircies demain. La m\u00e9t\u00e9o va se r\u00e9chauffer avec une hausse de quelques degr\u00e9s. On anticipe des valeurs d&rsquo;environ 10\u00b0C. Une modeste brise de nord-est sera ressentie par les habitants. Les temp\u00e9ratures seront de 9\u00b0C au plus bas et de 11\u00b0C au plus haut la matin\u00e9e. Les valeurs s&rsquo;\u00e9chelonneront entre 9 et 11\u00b0C demain apr\u00e8s-midi. Un temps assez brumeux demain soir, avec l&rsquo;arriv\u00e9e de brouillard.<\/p>\n<p>Le temps restera stable les prochains jours. Des temp\u00e9ratures dans les 8\u00b0C iront de pair avec un ciel ensoleill\u00e9.<\/p>\n<p><\/p>\n","protected":false},"excerpt":{"rendered":"\u00c0 Strasbourg, la journ\u00e9e va rester grise \u00e0 cause de nuages qui perdurent dans le ciel. Le mercure&hellip;\n","protected":false},"author":2,"featured_media":589581,"comment_status":"","ping_status":"","sticky":false,"template":"","format":"standard","meta":{"footnotes":""},"categories":[2820],"tags":[1111,11,1777,674,1011,27,775,12,2119,25,640],"class_list":{"0":"post-589580","1":"post","2":"type-post","3":"status-publish","4":"format-standard","5":"has-post-thumbnail","7":"category-strasbourg","8":"tag-actu","9":"tag-actualites","10":"tag-eu","11":"tag-europe","12":"tag-fr","13":"tag-france","14":"tag-grand-est","15":"tag-news","16":"tag-previsions-meteo","17":"tag-republique-francaise","18":"tag-strasbourg"},"share_on_mastodon":{"url":"https:\/\/pubeurope.com\/@fr\/115692511149405118","error":""},"_links":{"self":[{"href":"https:\/\/www.europesays.com\/fr\/wp-json\/wp\/v2\/posts\/589580","targetHints":{"allow":["GET"]}}],"collection":[{"href":"https:\/\/www.europesays.com\/fr\/wp-json\/wp\/v2\/posts"}],"about":[{"href":"https:\/\/www.europesays.com\/fr\/wp-json\/wp\/v2\/types\/post"}],"author":[{"embeddable":true,"href":"https:\/\/www.europesays.com\/fr\/wp-json\/wp\/v2\/users\/2"}],"replies":[{"embeddable":true,"href":"https:\/\/www.europesays.com\/fr\/wp-json\/wp\/v2\/comments?post=589580"}],"version-history":[{"count":0,"href":"https:\/\/www.europesays.com\/fr\/wp-json\/wp\/v2\/posts\/589580\/revisions"}],"wp:featuredmedia":[{"embeddable":true,"href":"https:\/\/www.europesays.com\/fr\/wp-json\/wp\/v2\/media\/589581"}],"wp:attachment":[{"href":"https:\/\/www.europesays.com\/fr\/wp-json\/wp\/v2\/media?parent=589580"}],"wp:term":[{"taxonomy":"category","embeddable":true,"href":"https:\/\/www.europesays.com\/fr\/wp-json\/wp\/v2\/categories?post=589580"},{"taxonomy":"post_tag","embeddable":true,"href":"https:\/\/www.europesays.com\/fr\/wp-json\/wp\/v2\/tags?post=589580"}],"curies":[{"name":"wp","href":"https:\/\/api.w.org\/{rel}","templated":true}]}}