{"id":589587,"date":"2025-12-10T00:49:15","date_gmt":"2025-12-10T00:49:15","guid":{"rendered":"https:\/\/www.europesays.com\/fr\/589587\/"},"modified":"2025-12-10T00:49:15","modified_gmt":"2025-12-10T00:49:15","slug":"previsions-du-mercredi-10-decembre-2025-4","status":"publish","type":"post","link":"https:\/\/www.europesays.com\/fr\/589587\/","title":{"rendered":"pr\u00e9visions du mercredi 10 d\u00e9cembre 2025"},"content":{"rendered":"<p>Aujourd&rsquo;hui, on pr\u00e9voit pour Nantes des temp\u00e9ratures avoisinant 12\u00b0C. Un vent de sud-ouest soufflera doucement. Le brouillard va se former au cours de la matin\u00e9e. Les valeurs afficheront entre 11 et 14\u00b0C. L&rsquo;apr\u00e8s-midi, le beau temps va progressivement se substituer aux nuages. Les temp\u00e9ratures seront comprises entre 11\u00b0C et 14\u00b0C. Les valeurs tourneront autour des 10\u00b0C dans la soir\u00e9e. On pr\u00e9voit une nuit claire entre mercredi et jeudi.<\/p>\n<p>Le soleil appara\u00eet l\u00e9g\u00e8rement demain. Ces \u00e9claircies devraient ravir les Nantais. Une baisse des temp\u00e9ratures est pr\u00e9vue. Les valeurs s&rsquo;\u00e9chelonneront entre 7 et 12\u00b0C. Une petite brise de sud-est sera ressentie par les habitants. Les valeurs s&rsquo;\u00e9chelonneront de 7 \u00e0 11\u00b0C sur l&rsquo;ensemble de la matin\u00e9e. Les temp\u00e9ratures vont conna\u00eetre une hausse de quelques degr\u00e9s dans l&rsquo;apr\u00e8s-midi. Les valeurs seront de 10\u00b0C au minimum et de 12\u00b0C au plus haut. C&rsquo;est \u00e0 un ciel couvert de nuages qu&rsquo;il faudra s&rsquo;attendre demain soir. Il va faire 10\u00b0C en moyenne.<\/p>\n<p>Les jours passent mais ne se ressemblent pas. La m\u00e9t\u00e9o sera changeante les jours suivants. Une am\u00e9lioration est annonc\u00e9e samedi, tandis que la journ\u00e9e de vendredi aura \u00e9t\u00e9 nuageuse.<\/p>\n<p><\/p>\n","protected":false},"excerpt":{"rendered":"Aujourd&rsquo;hui, on pr\u00e9voit pour Nantes des temp\u00e9ratures avoisinant 12\u00b0C. Un vent de sud-ouest soufflera doucement. Le brouillard va&hellip;\n","protected":false},"author":2,"featured_media":589588,"comment_status":"","ping_status":"","sticky":false,"template":"","format":"standard","meta":{"footnotes":""},"categories":[2818],"tags":[1111,11,1777,674,1011,27,766,12,2636,2119,25],"class_list":{"0":"post-589587","1":"post","2":"type-post","3":"status-publish","4":"format-standard","5":"has-post-thumbnail","7":"category-nantes","8":"tag-actu","9":"tag-actualites","10":"tag-eu","11":"tag-europe","12":"tag-fr","13":"tag-france","14":"tag-nantes","15":"tag-news","16":"tag-pays-de-la-loire","17":"tag-previsions-meteo","18":"tag-republique-francaise"},"share_on_mastodon":{"url":"https:\/\/pubeurope.com\/@fr\/115692526930167613","error":""},"_links":{"self":[{"href":"https:\/\/www.europesays.com\/fr\/wp-json\/wp\/v2\/posts\/589587","targetHints":{"allow":["GET"]}}],"collection":[{"href":"https:\/\/www.europesays.com\/fr\/wp-json\/wp\/v2\/posts"}],"about":[{"href":"https:\/\/www.europesays.com\/fr\/wp-json\/wp\/v2\/types\/post"}],"author":[{"embeddable":true,"href":"https:\/\/www.europesays.com\/fr\/wp-json\/wp\/v2\/users\/2"}],"replies":[{"embeddable":true,"href":"https:\/\/www.europesays.com\/fr\/wp-json\/wp\/v2\/comments?post=589587"}],"version-history":[{"count":0,"href":"https:\/\/www.europesays.com\/fr\/wp-json\/wp\/v2\/posts\/589587\/revisions"}],"wp:featuredmedia":[{"embeddable":true,"href":"https:\/\/www.europesays.com\/fr\/wp-json\/wp\/v2\/media\/589588"}],"wp:attachment":[{"href":"https:\/\/www.europesays.com\/fr\/wp-json\/wp\/v2\/media?parent=589587"}],"wp:term":[{"taxonomy":"category","embeddable":true,"href":"https:\/\/www.europesays.com\/fr\/wp-json\/wp\/v2\/categories?post=589587"},{"taxonomy":"post_tag","embeddable":true,"href":"https:\/\/www.europesays.com\/fr\/wp-json\/wp\/v2\/tags?post=589587"}],"curies":[{"name":"wp","href":"https:\/\/api.w.org\/{rel}","templated":true}]}}