{"id":58959,"date":"2025-04-28T10:04:10","date_gmt":"2025-04-28T10:04:10","guid":{"rendered":"https:\/\/www.europesays.com\/fr\/58959\/"},"modified":"2025-04-28T10:04:10","modified_gmt":"2025-04-28T10:04:10","slug":"serge-gainsbourg-son-heritage-trop-lourd-a-porter-son-fils-lulu-en-a-fait-le-combat-de-sa-vie","status":"publish","type":"post","link":"https:\/\/www.europesays.com\/fr\/58959\/","title":{"rendered":"Serge Gainsbourg : son h\u00e9ritage trop lourd \u00e0 porter, son fils Lulu en a fait le \u201ccombat de sa vie\u201d"},"content":{"rendered":"<p>Il est le fils de <a href=\"https:\/\/www.closermag.fr\/people\/il-rame-bambou-donne-des-nouvelles-de-lulu-le-fils-quelle-a-eu-avec-serge-gainsbourg-sans-cacher-ses-difficultes-3500203\" target=\"_blank\" rel=\"noopener\"><br \/>\nSerge Gainsbourg et de Bambou<\/a>. A 39 ans, Lulu sort un single,<br \/>\nbaptis\u00e9 Le syndrome de Peter Pan dans lequel il retrace<br \/>\nson enfance. A cette occasion, le musicien a accept\u00e9 de se confier<br \/>\ndans un long entretien \u00e0 nos confr\u00e8res du <a href=\"https:\/\/www.leparisien.fr\/paris-75\/pas-facile-detre-constamment-compare-a-papa-de-retour-a-paris-lulu-gainsbourg-semancipe-en-musique-25-04-2025-TP5SFU6KQNCFZGFNSINGMJGOGM.php\" target=\"_blank\" rel=\"nofollow noopener\">Parisien<\/a>.<\/p>\n<p>Il revient alors sur l\u2019histoire de ce titre : \u201cCette<br \/>\nhistoire est magique et ce personnage qui ne veut pas grandir,<br \/>\nc\u2019est moi en fait, relate Lulu Gainsbourg, 39 ans aujourd\u2019hui.<br \/>\nC\u2019est toute mon enfance aussi, <strong>j\u2019ai perdu mon papa quand<br \/>\nj\u2019avais 5 ans<\/strong>, j\u2019ai peu de souvenirs de cette \u00e9poque, mais<br \/>\nje me rappelle tr\u00e8s bien les week-ends chez lui, avec le<br \/>\nvid\u00e9oprojecteur, je regardais la cassette de Peter Pan\u201d,<br \/>\nconfie-t-il.\u00a0<\/p>\n<p>Lulu Gainsbourg avoue que l&rsquo;h\u00e9ritage de son p\u00e8re a \u00e9t\u00e9 un<br \/>\npoids<\/p>\n<p>Et hors de question pour lui qu\u2019on le compare \u00e0 son c\u00e9l\u00e8bre papa<br \/>\n: \u201cAu moins, <strong>on ne me dira pas que \u00e7a sonne comme mon<br \/>\np\u00e8re,<\/strong> il n\u2019a pas pu se mettre \u00e0 l\u2019\u00e9lectro\u201d, a-t-il<br \/>\nlanc\u00e9.<\/p>\n<p><img itemprop=\"thumbnailUrl\" decoding=\"async\" loading=\"lazy\" class=\"aligncenter size-full wp-image-3540483 img-responsive\" src=\"https:\/\/www.europesays.com\/fr\/wp-content\/uploads\/2025\/04\/bestimage_00018210_000003-scaled.jpg\" alt=\"\" width=\"1721\" height=\"2560\"\/> \u00a9<br \/>\nBestimage<\/p>\n<p>Lulu avoue ais\u00e9ment que l\u2019h\u00e9ritage de son p\u00e8re est lourd \u00e0<br \/>\nporter. \u201c\u00c7a n\u2019est pas facile d\u2019\u00eatre constamment compar\u00e9 \u00e0 un<br \/>\nartiste qui a eu un tel impact, surtout qu\u2019\u00e0 mes yeux <strong>il<br \/>\nn\u2019est pas une star,<\/strong> c\u2019est juste mon papa. Jeune, je ne<br \/>\nm\u2019en rendais pas compte, mais apr\u00e8s, c\u2019\u00e9tait un peu too much. \u00c0<br \/>\nl\u2019\u00e9tranger, au moins, j\u2019\u00e9tais consid\u00e9r\u00e9 comme Monsieur tout le<br \/>\nmonde, pas juste le fils de\u2026 \u00c7a a \u00e9t\u00e9 le plus gros combat de ma<br \/>\nvie\u201d. C\u2019est en Angleterre qu\u2019il a alors fait ses armes, loin<br \/>\nde Paris, de la France.\u00a0<\/p>\n<p>Sortir de cette \u00e9tiquette de \u00ab\u00a0fils de\u00a0\u00bb<br \/>\n: le combat du fils de Serge Gainsbourg<\/p>\n<p>Aujourd\u2019hui, il se sent m\u00fbr pour revenir l\u00e0 o\u00f9 il a v\u00e9cu avec<br \/>\n<a href=\"https:\/\/www.closermag.fr\/people\/lulu-gainsbourg-emancipe-ses-rares-confidences-face-camera-je-ne-suis-pas-mon-pere-1463481\" target=\"_blank\" rel=\"noopener\"><br \/>\nson p\u00e8re Serge Gainsbourg<\/a>. \u201cJe ne suis plus ce jeune ado,<br \/>\nj\u2019ai bient\u00f4t 40 ans, je suis plus fort aujourd\u2019hui qu\u2019il y a<br \/>\nquelques ann\u00e9es, c\u2019est aussi pour \u00e7a que <strong>je peux revenir \u00e0<br \/>\nParis maintenant\u201d.<\/strong><\/p>\n<p><a href=\"https:\/\/www.closermag.fr\/people\/serge-gainsbourg-que-devient-son-fils-lulu-1115629\" target=\"_blank\" rel=\"noopener\"><br \/>\nLulu Gainsbourg<\/a> reconnait tout de m\u00eame s\u2019\u00eatre<br \/>\n\u201cinspir\u00e9\u201d de son p\u00e8re notamment lorsqu\u2019il a repris ses<br \/>\ngrands classiques dans From Gainsbourg to Lulu : \u201cMais on ne me<br \/>\nverra quand m\u00eame pas faire du reggae, passer apr\u00e8s lui, \u00e7a serait<br \/>\ncarton rouge, sourit le futur quadra. Pourtant j\u2019aime explorer de<br \/>\nnouveaux grooves et de nouveaux styles\u201d. Ainsi, avec cet<br \/>\nalbum, le musicien souhaite montrer son talent et veut s\u2019affranchir<br \/>\nde l\u2019\u00e9tiquette de <strong>\u201cfils de\u201d.\u00a0<\/strong><\/p>\n","protected":false},"excerpt":{"rendered":"Il est le fils de Serge Gainsbourg et de Bambou. A 39 ans, Lulu sort un single, baptis\u00e9&hellip;\n","protected":false},"author":2,"featured_media":58960,"comment_status":"","ping_status":"","sticky":false,"template":"","format":"standard","meta":{"footnotes":""},"categories":[1359],"tags":[548,58,59,1011,27,15547,973,15548],"class_list":{"0":"post-58959","1":"post","2":"type-post","3":"status-publish","4":"format-standard","5":"has-post-thumbnail","7":"category-people","8":"tag-article-simple","9":"tag-divertissement","10":"tag-entertainment","11":"tag-fr","12":"tag-france","13":"tag-lulu","14":"tag-people","15":"tag-serge-gainsbourg"},"share_on_mastodon":{"url":"https:\/\/pubeurope.com\/@fr\/114415027031690560","error":""},"_links":{"self":[{"href":"https:\/\/www.europesays.com\/fr\/wp-json\/wp\/v2\/posts\/58959","targetHints":{"allow":["GET"]}}],"collection":[{"href":"https:\/\/www.europesays.com\/fr\/wp-json\/wp\/v2\/posts"}],"about":[{"href":"https:\/\/www.europesays.com\/fr\/wp-json\/wp\/v2\/types\/post"}],"author":[{"embeddable":true,"href":"https:\/\/www.europesays.com\/fr\/wp-json\/wp\/v2\/users\/2"}],"replies":[{"embeddable":true,"href":"https:\/\/www.europesays.com\/fr\/wp-json\/wp\/v2\/comments?post=58959"}],"version-history":[{"count":0,"href":"https:\/\/www.europesays.com\/fr\/wp-json\/wp\/v2\/posts\/58959\/revisions"}],"wp:featuredmedia":[{"embeddable":true,"href":"https:\/\/www.europesays.com\/fr\/wp-json\/wp\/v2\/media\/58960"}],"wp:attachment":[{"href":"https:\/\/www.europesays.com\/fr\/wp-json\/wp\/v2\/media?parent=58959"}],"wp:term":[{"taxonomy":"category","embeddable":true,"href":"https:\/\/www.europesays.com\/fr\/wp-json\/wp\/v2\/categories?post=58959"},{"taxonomy":"post_tag","embeddable":true,"href":"https:\/\/www.europesays.com\/fr\/wp-json\/wp\/v2\/tags?post=58959"}],"curies":[{"name":"wp","href":"https:\/\/api.w.org\/{rel}","templated":true}]}}