{"id":589599,"date":"2025-12-10T00:57:13","date_gmt":"2025-12-10T00:57:13","guid":{"rendered":"https:\/\/www.europesays.com\/fr\/589599\/"},"modified":"2025-12-10T00:57:13","modified_gmt":"2025-12-10T00:57:13","slug":"previsions-du-mercredi-10-decembre-2025-6","status":"publish","type":"post","link":"https:\/\/www.europesays.com\/fr\/589599\/","title":{"rendered":"pr\u00e9visions du mercredi 10 d\u00e9cembre 2025"},"content":{"rendered":"<p>Le ciel va quelque peu se d\u00e9gager \u00e0 Lille dans la journ\u00e9e avec des \u00e9claircies. Il fera en moyenne 11\u00b0C. Un petit vent de sud-ouest soufflera. Le matin, le thermom\u00e8tre affichera 11\u00b0C en moyenne. Les temp\u00e9ratures s&rsquo;\u00e9chelonneront entre 10 et 13\u00b0C pendant l&rsquo;apr\u00e8s-midi. Le ciel va s&rsquo;\u00e9claircir dans la soir\u00e9e. Il va faire 10\u00b0C en moyenne. Entre mercredi et jeudi, la nuit sera brumeuse.<\/p>\n<p>Un beau soleil est attendu demain \u00e0 Lille. Le mercure va baisser de quelques degr\u00e9s. Les valeurs afficheront entre 6 et 11\u00b0C. Un vent de sud-ouest rafra\u00eechira sensiblement l&rsquo;atmosph\u00e8re. Dans la matin\u00e9e, les temp\u00e9ratures avoisineront les 7\u00b0C. Les valeurs s&rsquo;\u00e9chelonneront de 8 \u00e0 11\u00b0C sur l&rsquo;ensemble de l&rsquo;apr\u00e8s-midi. Le ciel sera assez lumineux, avec quelques \u00e9claircies demain soir. Les valeurs avoisineront les 8\u00b0C.<\/p>\n<p>Des conditions m\u00e9t\u00e9orologiques instables sont pr\u00e9vues les jours suivants. Vendredi, les conditions m\u00e9t\u00e9orologiques seront nuageuses tandis qu&rsquo;une am\u00e9lioration est pr\u00e9vue samedi.<\/p>\n<p><\/p>\n","protected":false},"excerpt":{"rendered":"Le ciel va quelque peu se d\u00e9gager \u00e0 Lille dans la journ\u00e9e avec des \u00e9claircies. Il fera en&hellip;\n","protected":false},"author":2,"featured_media":589600,"comment_status":"","ping_status":"","sticky":false,"template":"","format":"standard","meta":{"footnotes":""},"categories":[2815],"tags":[1111,11,1777,674,1011,27,811,1307,12,2119,25],"class_list":{"0":"post-589599","1":"post","2":"type-post","3":"status-publish","4":"format-standard","5":"has-post-thumbnail","7":"category-lille","8":"tag-actu","9":"tag-actualites","10":"tag-eu","11":"tag-europe","12":"tag-fr","13":"tag-france","14":"tag-hauts-de-france","15":"tag-lille","16":"tag-news","17":"tag-previsions-meteo","18":"tag-republique-francaise"},"share_on_mastodon":{"url":"https:\/\/pubeurope.com\/@fr\/115692558484423578","error":""},"_links":{"self":[{"href":"https:\/\/www.europesays.com\/fr\/wp-json\/wp\/v2\/posts\/589599","targetHints":{"allow":["GET"]}}],"collection":[{"href":"https:\/\/www.europesays.com\/fr\/wp-json\/wp\/v2\/posts"}],"about":[{"href":"https:\/\/www.europesays.com\/fr\/wp-json\/wp\/v2\/types\/post"}],"author":[{"embeddable":true,"href":"https:\/\/www.europesays.com\/fr\/wp-json\/wp\/v2\/users\/2"}],"replies":[{"embeddable":true,"href":"https:\/\/www.europesays.com\/fr\/wp-json\/wp\/v2\/comments?post=589599"}],"version-history":[{"count":0,"href":"https:\/\/www.europesays.com\/fr\/wp-json\/wp\/v2\/posts\/589599\/revisions"}],"wp:featuredmedia":[{"embeddable":true,"href":"https:\/\/www.europesays.com\/fr\/wp-json\/wp\/v2\/media\/589600"}],"wp:attachment":[{"href":"https:\/\/www.europesays.com\/fr\/wp-json\/wp\/v2\/media?parent=589599"}],"wp:term":[{"taxonomy":"category","embeddable":true,"href":"https:\/\/www.europesays.com\/fr\/wp-json\/wp\/v2\/categories?post=589599"},{"taxonomy":"post_tag","embeddable":true,"href":"https:\/\/www.europesays.com\/fr\/wp-json\/wp\/v2\/tags?post=589599"}],"curies":[{"name":"wp","href":"https:\/\/api.w.org\/{rel}","templated":true}]}}