{"id":589603,"date":"2025-12-10T00:59:15","date_gmt":"2025-12-10T00:59:15","guid":{"rendered":"https:\/\/www.europesays.com\/fr\/589603\/"},"modified":"2025-12-10T00:59:15","modified_gmt":"2025-12-10T00:59:15","slug":"le-club-alpin-francais-marseille-provence-a-fete-ses-150-ans","status":"publish","type":"post","link":"https:\/\/www.europesays.com\/fr\/589603\/","title":{"rendered":"Le Club Alpin Fran\u00e7ais Marseille Provence a f\u00eat\u00e9 ses 150 ans !"},"content":{"rendered":"<p>C\u2019est l&rsquo;une des premi\u00e8res sections cr\u00e9\u00e9es avec celles de Gap, de Lyon, de Savoie ou d&rsquo;Is\u00e8re. Implant\u00e9e\u00a0\u00e0 Marseille, la section de Provence qui deviendra le <a href=\"https:\/\/cafmarseilleprovence.ffcam.fr\/\" target=\"_blank\" rel=\"noopener\">Club Alpin Fran\u00e7ais Marseille Provence<\/a> \u00a0 est cr\u00e9\u00e9e le 4 novembre 1875. \u00ab Aujourd&rsquo;hui, le CAF est la plus ancienne association sportive de Marseille \u00bb, rappelle Sophie Berthier, sa pr\u00e9sidente.\u00a0<\/p>\n<p><strong>Le Club Alpin Fran\u00e7ais Marseille Provence: une p\u00e9pini\u00e8re d\u2019alpinistes de renom.<\/strong>..\u00a0<\/p>\n<p>Fin XIX\u1d49, tout \u00e9tait effectivement \u00e0 inventer, l&rsquo;escalade, les grandes voies des Calanques, de la Sainte-Victoire, de la Sainte-Baume, l&rsquo;alpinisme dans les \u00c9crins, les exp\u00e9ditions lointaines\u2026<br \/>Le club de Marseille devint vite une p\u00e9pini\u00e8re d&rsquo;alpinistes :\u00a0Gaston R\u00e9buffat, Georges Livanos, Robert Gabriel ou Barnay Vaucher, pour ne citer qu&rsquo;eux, y ont fait leurs armes. <br \/>Leurs ouvertures\u00a0sont devenues des classiques\u00a0: l&rsquo;ar\u00eate de Marseille \u00e0 la Candelle, le Levant au Canc\u00e9ou, l&rsquo;ar\u00eate du Devenson, la travers\u00e9e Ramon\u2026\u00a0<\/p>\n<p><strong>2025, l\u2019ann\u00e9e de la c\u00e9l\u00e9bration des 150 ans\u00a0<\/strong><\/p>\n<p>\u00c0 l&rsquo;agenda du club, des sorties symboliques : \u00a0<\/p>\n<ul style=\"list-style-type: disc;\">\n<li>Une course en relais de 150 km dans les Calanques\u00a0<\/li>\n<li>Une boucle en neuf \u00e9tapes de 150 km autour de Marseille. <br \/>Imagin\u00e9e par Jacques Kelle, elle d\u00e9marrait \u00e0 Notre-Dame de la Garde et parcourait les massifs ceinturant la ville pour rejoindre son point de d\u00e9part. Chaque \u00e9tape succ\u00e9dait \u00e0 une conf\u00e9rence\u00a0de Jacques Kelle et Michel Gauch\u00a0sur un moment de l&rsquo;histoire du club.\u00a0<\/li>\n<li>Le point d&rsquo;orgue : la soir\u00e9e du samedi 22 novembre a rassembl\u00e9 les membres du club, les anciens adh\u00e9rents\u00a0et le milieu marseillais de la montagne.\u00a0<\/li>\n<\/ul>\n<p><strong>Le livre anniversaire <\/strong>: \u201c <a href=\"https:\/\/www.helloasso.com\/associations\/club-alpin-francais-marseille-provence\/evenements\/livre-des-150-ans-et-opinels%0Dl\" target=\"_blank\" rel=\"noopener\">Club alpin fran\u00e7ais Marseille Provence, regards sur 150 ans d&rsquo;histoire de 1875 \u00e0 2025<\/a>\u00a0\u00bb\u00a0<\/p>\n<p>Le livre retrace les 150 ans de la section \u00e0 travers le r\u00e9sum\u00e9 des bulletins de l\u2019association. <br \/>Barney Vaucher, Jacques Kelle, Bernard Hamel et Michel Gauch se sont pench\u00e9s sur la petite et la grande histoire de la section r\u00e9gionale, multipli\u00e9e en sept clubs dans toute la r\u00e9gion : Avignon, Aubagne, Marseille\/Calanques\/Cassis, Crau\/Alpilles, Gardanne, Aubagne\/Garlaban, Toulon et Aix-en-Provence.<br \/>Un bel hommage \u00e0 toutes celles et ceux qui ont contribu\u00e9 \u00e0 faire vivre le club. <\/p>\n<p style=\"text-align: center;\">\u00a0 <img loading=\"lazy\" decoding=\"async\" width=\"589\" height=\"383\" alt=\"\" src=\"https:\/\/www.europesays.com\/fr\/wp-content\/uploads\/2025\/12\/livre-150-ans-club-alpin-marseille-provence-600x413-bis.jpg\"\/> \u00a0 \u00a0<\/p>\n<p><a href=\"https:\/\/mesinfos.fr\/13000-marseille\/un-livre-pour-les-150-ans-du-club-alpin-francais-marseille-provence-233148.html\" target=\"_blank\" rel=\"noopener\">D\u00e9couvrir l\u2019histoire compl\u00e8te du club et toutes les c\u00e9l\u00e9brations<\/a>\u00a0<\/p>\n","protected":false},"excerpt":{"rendered":"C\u2019est l&rsquo;une des premi\u00e8res sections cr\u00e9\u00e9es avec celles de Gap, de Lyon, de Savoie ou d&rsquo;Is\u00e8re. Implant\u00e9e\u00a0\u00e0 Marseille,&hellip;\n","protected":false},"author":2,"featured_media":589604,"comment_status":"","ping_status":"","sticky":false,"template":"","format":"standard","meta":{"footnotes":""},"categories":[2814],"tags":[1111,11,28225,28226,28217,28218,1777,674,28216,28227,28228,1011,27,28211,28212,28215,28224,28219,28222,884,12,28213,882,28221,28220,25,28214,28223],"class_list":{"0":"post-589603","1":"post","2":"type-post","3":"status-publish","4":"format-standard","5":"has-post-thumbnail","7":"category-marseille","8":"tag-actu","9":"tag-actualites","10":"tag-animateur-de-randonnee","11":"tag-balisage","12":"tag-clubs-de-randonnee","13":"tag-disciplines-de-randonnee","14":"tag-eu","15":"tag-europe","16":"tag-federation-francaise-de-la-randonnee-pedestre","17":"tag-ffrandonnee","18":"tag-ffrp","19":"tag-fr","20":"tag-france","21":"tag-gr","22":"tag-grande-randonnee","23":"tag-itineraires-de-randonnee","24":"tag-itinerance","25":"tag-longe-cote","26":"tag-marche-nordique","27":"tag-marseille","28":"tag-news","29":"tag-promenade-et-randonnee","30":"tag-provence-alpes-cote-dazur","31":"tag-rando-challenge","32":"tag-raquette-a-neige","33":"tag-republique-francaise","34":"tag-topoguide","35":"tag-trek"},"share_on_mastodon":{"url":"https:\/\/pubeurope.com\/@fr\/115692567347439410","error":""},"_links":{"self":[{"href":"https:\/\/www.europesays.com\/fr\/wp-json\/wp\/v2\/posts\/589603","targetHints":{"allow":["GET"]}}],"collection":[{"href":"https:\/\/www.europesays.com\/fr\/wp-json\/wp\/v2\/posts"}],"about":[{"href":"https:\/\/www.europesays.com\/fr\/wp-json\/wp\/v2\/types\/post"}],"author":[{"embeddable":true,"href":"https:\/\/www.europesays.com\/fr\/wp-json\/wp\/v2\/users\/2"}],"replies":[{"embeddable":true,"href":"https:\/\/www.europesays.com\/fr\/wp-json\/wp\/v2\/comments?post=589603"}],"version-history":[{"count":0,"href":"https:\/\/www.europesays.com\/fr\/wp-json\/wp\/v2\/posts\/589603\/revisions"}],"wp:featuredmedia":[{"embeddable":true,"href":"https:\/\/www.europesays.com\/fr\/wp-json\/wp\/v2\/media\/589604"}],"wp:attachment":[{"href":"https:\/\/www.europesays.com\/fr\/wp-json\/wp\/v2\/media?parent=589603"}],"wp:term":[{"taxonomy":"category","embeddable":true,"href":"https:\/\/www.europesays.com\/fr\/wp-json\/wp\/v2\/categories?post=589603"},{"taxonomy":"post_tag","embeddable":true,"href":"https:\/\/www.europesays.com\/fr\/wp-json\/wp\/v2\/tags?post=589603"}],"curies":[{"name":"wp","href":"https:\/\/api.w.org\/{rel}","templated":true}]}}