{"id":589605,"date":"2025-12-10T01:00:23","date_gmt":"2025-12-10T01:00:23","guid":{"rendered":"https:\/\/www.europesays.com\/fr\/589605\/"},"modified":"2025-12-10T01:00:23","modified_gmt":"2025-12-10T01:00:23","slug":"mis-en-cause-dans-une-video-un-elu-dopposition-ecologiste-interpelle-le-maire-du-2e","status":"publish","type":"post","link":"https:\/\/www.europesays.com\/fr\/589605\/","title":{"rendered":"mis en cause dans une vid\u00e9o, un \u00e9lu d\u2019opposition \u00e9cologiste interpelle le maire du 2e"},"content":{"rendered":"<p>Le conseil d\u2019arrondissement du 2e  n\u2019avait dur\u00e9 que 17 minutes et 4 secondes, le 4\u00a0novembre. On y avait vu un temps record. Mais ce mardi 9\u00a0d\u00e9cembre, \u00e0 12\u00a0h\u00a030, les \u00e9lus men\u00e9s par <a href=\"https:\/\/www.leprogres.fr\/p\/pierre-oliver\" target=\"_blank\" rel=\"noopener\">Pierre Oliver<\/a> (LR) ont r\u00e9cidiv\u00e9. 14 d\u00e9lib\u00e9rations et quelques 17 minutes de conseil. Ni plus, ni moins.<\/p>\n<p>Un temps qui serait certainement tomb\u00e9 \u00e0 10 minutes si Olivier Fernoux, \u00e9lu \u00e9cologiste d\u2019opposition, ne s\u2019\u00e9tait pas exprim\u00e9 en d\u00e9but d\u2019instance pour r\u00e9tablir la v\u00e9rit\u00e9. Dans une vid\u00e9o, publi\u00e9e le 5\u00a0novembre sur les r\u00e9seaux, Pierre Oliver pointait du doigt son absence et celle de Valentin&#8230;<\/p>\n","protected":false},"excerpt":{"rendered":"Le conseil d\u2019arrondissement du 2e n\u2019avait dur\u00e9 que 17 minutes et 4 secondes, le 4\u00a0novembre. On y avait&hellip;\n","protected":false},"author":2,"featured_media":589606,"comment_status":"","ping_status":"","sticky":false,"template":"","format":"standard","meta":{"footnotes":""},"categories":[1889],"tags":[1111,11,2430,1984,2757,1777,674,1011,27,3539,6319,2428,12354,12353,12,316,25,2429],"class_list":{"0":"post-589605","1":"post","2":"type-post","3":"status-publish","4":"format-standard","5":"has-post-thumbnail","7":"category-lyon","8":"tag-actu","9":"tag-actualites","10":"tag-auvergne-rhone-alpes","11":"tag-conseil-municipal","12":"tag-edition-lyon-villeurbanne","13":"tag-eu","14":"tag-europe","15":"tag-fr","16":"tag-france","17":"tag-les-ecologistes","18":"tag-les-republicains","19":"tag-lyon","20":"tag-lyon-2e","21":"tag-lyon-2e-arrondissement","22":"tag-news","23":"tag-politique","24":"tag-republique-francaise","25":"tag-rhone"},"share_on_mastodon":{"url":"https:\/\/pubeurope.com\/@fr\/115692570058195926","error":""},"_links":{"self":[{"href":"https:\/\/www.europesays.com\/fr\/wp-json\/wp\/v2\/posts\/589605","targetHints":{"allow":["GET"]}}],"collection":[{"href":"https:\/\/www.europesays.com\/fr\/wp-json\/wp\/v2\/posts"}],"about":[{"href":"https:\/\/www.europesays.com\/fr\/wp-json\/wp\/v2\/types\/post"}],"author":[{"embeddable":true,"href":"https:\/\/www.europesays.com\/fr\/wp-json\/wp\/v2\/users\/2"}],"replies":[{"embeddable":true,"href":"https:\/\/www.europesays.com\/fr\/wp-json\/wp\/v2\/comments?post=589605"}],"version-history":[{"count":0,"href":"https:\/\/www.europesays.com\/fr\/wp-json\/wp\/v2\/posts\/589605\/revisions"}],"wp:featuredmedia":[{"embeddable":true,"href":"https:\/\/www.europesays.com\/fr\/wp-json\/wp\/v2\/media\/589606"}],"wp:attachment":[{"href":"https:\/\/www.europesays.com\/fr\/wp-json\/wp\/v2\/media?parent=589605"}],"wp:term":[{"taxonomy":"category","embeddable":true,"href":"https:\/\/www.europesays.com\/fr\/wp-json\/wp\/v2\/categories?post=589605"},{"taxonomy":"post_tag","embeddable":true,"href":"https:\/\/www.europesays.com\/fr\/wp-json\/wp\/v2\/tags?post=589605"}],"curies":[{"name":"wp","href":"https:\/\/api.w.org\/{rel}","templated":true}]}}