{"id":589607,"date":"2025-12-10T01:02:27","date_gmt":"2025-12-10T01:02:27","guid":{"rendered":"https:\/\/www.europesays.com\/fr\/589607\/"},"modified":"2025-12-10T01:02:27","modified_gmt":"2025-12-10T01:02:27","slug":"a-lyon-le-metro-va-t-il-circuler-24h-24-le-week-end-la-promesse-de-bruno-bernard","status":"publish","type":"post","link":"https:\/\/www.europesays.com\/fr\/589607\/","title":{"rendered":"\u00c0 Lyon, le m\u00e9tro va-t-il circuler 24h\/24 le week-end ? La promesse de Bruno Bernard"},"content":{"rendered":"<p>Ce mardi 9 d\u00e9cembre, le pr\u00e9sident de la M\u00e9tropole de Lyon, Bruno Bernard, a propos\u00e9 que le m\u00e9tro circule toutes les nuits le week-end \u00e0 partir de 2027. Une annonce critiqu\u00e9e dans le cadre des \u00e9lections m\u00e9tropolitaines 2026.<\/p>\n<p>\u00ab\u00a0Je veux que notre M\u00e9tropole devienne pionni\u00e8re en France\u00a0\u00bb. Apr\u00e8s <a class=\"url\" href=\"https:\/\/www.radioscoop.com\/infos\/voies-cyclables-transport-en-commun-fourviere-les-projets-de-jean-michel-aulas_338760?v=Ly&amp;fbclid=IwY2xjawOlNPNleHRuA2FlbQIxMQBicmlkETFLYjBrR3NWN2FYUFJYMm1Jc3J0YwZhcHBfaWQQMjIyMDM5MTc4ODIwMDg5MgABHpLv8o70cy5U4jGyHB44jXsxE4D3FLnwmBcmOjinMDo1vGU4GW_lmNqzpxDA_aem_LOn46Kx0rvSXpLfWtsxTMg\" target=\"_blank\" rel=\"noopener\">la volont\u00e9 de Jean-Michel Aulas de rendre gratuit les TCL<\/a>\u00a0pour un certain public, c&rsquo;est au tour de <b>Bruno Bernard<\/b> de faire une promesse sur les transports en commun \u00e0 Lyon.<\/p>\n<p>Le m\u00e9tro circulera toutes les nuits le week-end ?<\/p>\n<p>Le pr\u00e9sident de la M\u00e9tropole et candidat \u00e0 sa succession l&rsquo;a annonc\u00e9 ce mardi 9 d\u00e9cembre : \u00ab\u00a0D\u00e8s 2027, nos m\u00e9tros rouleront 24h\/24 tous les week-ends.\u00a0\u00bb<br \/>L&rsquo;\u00e9lu \u00e9cologiste veut donc que le m\u00e9tro lyonnais circule tout le temps, \u00e0 n&rsquo;importe quelle heure, le samedi et le dimanche. Ce dernier souhaite \u00e9galement que<b> le m\u00e9tro circule toute la nuit le 24 et le 31 d\u00e9cembre<\/b>.<\/p>\n<p>\u00ab\u00a0Cette mesure r\u00e9pond \u00e0 trois exigences simples : plus de s\u00e9curit\u00e9, avec un renforcement des \u00e9quipes\u00a0sur le terrain ; plus de libert\u00e9, en mettant fin \u00e0 l&rsquo;angoisse du dernier m\u00e9tro ; et plus de soutien \u00e0\u00a0l&rsquo;\u00e9conomie locale.\u00a0\u00bb<\/p>\n<p>Une annonce \u00ab\u00a0pour sauver son si\u00e8ge\u00a0\u00bb<\/p>\n<p>Une mesure qui n&rsquo;a pas manqu\u00e9 de faire r\u00e9agir l&rsquo;un de ses adversaires pour les \u00e9lections m\u00e9tropolitaines 2026. <b>V\u00e9ronique Sarselli<\/b>, la candidate du mouvement Grand C\u0153ur Lyonnais, a vivement critiqu\u00e9 la promesse de Bruno Bernard :<\/p>\n<blockquote><p>\u00ab\u00a0En tant que Pr\u00e9sident du SYTRAL, il ferait mieux d&rsquo;agir d\u00e8s maintenant pour faire rouler les m\u00e9tros sans panne aux horaires actuels. (&#8230;)\u00a0 Bruno Bernard d\u00e9montre qu&rsquo;il est pr\u00eat \u00e0 promettre monts et merveilles pour sauver son si\u00e8ge\u00a0\u00bb<\/p><\/blockquote>\n<p>Pour rappel, les \u00e9lections m\u00e9tropolitaines auront lieu en m\u00eame temps que les \u00e9lections municipales : <b>les 15 et 22 mars 2026<\/b>.<img loading=\"lazy\" decoding=\"async\" src=\"https:\/\/www.europesays.com\/fr\/wp-content\/uploads\/2025\/12\/1765328547_690_img\" width=\"350\" height=\"200\" border=\"0\" title=\"Le trac\u00c3\u00a9 retenu pour le TEOL (tram express de l'ouest lyonnais)\"\/><\/p>\n<p>\u25baTransport<\/p>\n<p style=\"font-size: 22px;\"><b>Tramway Express de l&rsquo;Ouest Lyonnais :\u00a0 nouveau feu vert pour le projet !<\/b><\/p>\n<p>Objet d&rsquo;une enqu\u00eate publique \u00e0 l&rsquo;automne dernier,&#8230;<\/p>\n<p><\/p>\n","protected":false},"excerpt":{"rendered":"Ce mardi 9 d\u00e9cembre, le pr\u00e9sident de la M\u00e9tropole de Lyon, Bruno Bernard, a propos\u00e9 que le m\u00e9tro&hellip;\n","protected":false},"author":2,"featured_media":589608,"comment_status":"","ping_status":"","sticky":false,"template":"","format":"standard","meta":{"footnotes":""},"categories":[1889],"tags":[1111,11,2430,5921,1777,674,1011,27,2428,5428,10958,12,25],"class_list":{"0":"post-589607","1":"post","2":"type-post","3":"status-publish","4":"format-standard","5":"has-post-thumbnail","7":"category-lyon","8":"tag-actu","9":"tag-actualites","10":"tag-auvergne-rhone-alpes","11":"tag-bruno-bernard","12":"tag-eu","13":"tag-europe","14":"tag-fr","15":"tag-france","16":"tag-lyon","17":"tag-mtro","18":"tag-mtropole","19":"tag-news","20":"tag-republique-francaise"},"share_on_mastodon":{"url":"https:\/\/pubeurope.com\/@fr\/115692578734064870","error":""},"_links":{"self":[{"href":"https:\/\/www.europesays.com\/fr\/wp-json\/wp\/v2\/posts\/589607","targetHints":{"allow":["GET"]}}],"collection":[{"href":"https:\/\/www.europesays.com\/fr\/wp-json\/wp\/v2\/posts"}],"about":[{"href":"https:\/\/www.europesays.com\/fr\/wp-json\/wp\/v2\/types\/post"}],"author":[{"embeddable":true,"href":"https:\/\/www.europesays.com\/fr\/wp-json\/wp\/v2\/users\/2"}],"replies":[{"embeddable":true,"href":"https:\/\/www.europesays.com\/fr\/wp-json\/wp\/v2\/comments?post=589607"}],"version-history":[{"count":0,"href":"https:\/\/www.europesays.com\/fr\/wp-json\/wp\/v2\/posts\/589607\/revisions"}],"wp:featuredmedia":[{"embeddable":true,"href":"https:\/\/www.europesays.com\/fr\/wp-json\/wp\/v2\/media\/589608"}],"wp:attachment":[{"href":"https:\/\/www.europesays.com\/fr\/wp-json\/wp\/v2\/media?parent=589607"}],"wp:term":[{"taxonomy":"category","embeddable":true,"href":"https:\/\/www.europesays.com\/fr\/wp-json\/wp\/v2\/categories?post=589607"},{"taxonomy":"post_tag","embeddable":true,"href":"https:\/\/www.europesays.com\/fr\/wp-json\/wp\/v2\/tags?post=589607"}],"curies":[{"name":"wp","href":"https:\/\/api.w.org\/{rel}","templated":true}]}}