{"id":589613,"date":"2025-12-10T01:06:16","date_gmt":"2025-12-10T01:06:16","guid":{"rendered":"https:\/\/www.europesays.com\/fr\/589613\/"},"modified":"2025-12-10T01:06:16","modified_gmt":"2025-12-10T01:06:16","slug":"enfant-tondu-dans-un-foyer-a-paris-enquete-pour-violences-volontaires","status":"publish","type":"post","link":"https:\/\/www.europesays.com\/fr\/589613\/","title":{"rendered":"Enfant tondu dans un foyer \u00e0 Paris: enqu\u00eate pour \u00ab\u00a0violences volontaires\u00a0\u00bb"},"content":{"rendered":"<p class=\"mb-4 text-lg md:leading-8 break-words\">Le parquet de Paris a annonc\u00e9 mardi avoir ouvert une enqu\u00eate pour \u00ab\u00a0violences volontaires\u00a0\u00bb apr\u00e8s la r\u00e9v\u00e9lation\u00a0de faits de maltraitance dans un foyer parisien accueillant des enfants plac\u00e9s, o\u00f9 des salari\u00e9s ont ras\u00e9 la t\u00eate d&rsquo;un gar\u00e7on et film\u00e9 la sc\u00e8ne.<\/p>\n<p class=\"mb-4 text-lg md:leading-8 break-words\">Se saisissant des informations diffus\u00e9es par franceinfo, la section \u00ab\u00a0parquet des mineurs\u00a0\u00bb a ouvert une enqu\u00eate \u00ab\u00a0du chef de violences volontaires sur mineur de quinze ans par personne ayant autorit\u00e9\u00a0\u00bb, a pr\u00e9cis\u00e9 le parquet, sollicit\u00e9 par l&rsquo;AFP.<\/p>\n<p class=\"mb-4 text-lg md:leading-8 break-words\">Selon la ville de Paris, ces faits \u00ab\u00a0gravissimes\u00a0\u00bb se sont d\u00e9roul\u00e9s en f\u00e9vrier 2025 au foyer \u00e9ducatif Jenner, g\u00e9r\u00e9 par l&rsquo;association Jean-Coxtet et qui accueille des mineurs et jeunes majeurs plac\u00e9s par l&rsquo;Aide sociale \u00e0 l&rsquo;enfance (ASE) dans le 13e arrondissement de Paris.<\/p>\n<p class=\"mb-4 text-lg md:leading-8 break-words\">C&rsquo;est dans cet \u00e9tablissement que les faits sont \u00ab\u00a0susceptibles d&rsquo;avoir \u00e9t\u00e9 commis\u00a0\u00bb, selon le minist\u00e8re public.<\/p>\n<p class=\"mb-4 text-lg md:leading-8 break-words\">L&rsquo;incident, r\u00e9v\u00e9l\u00e9 par franceinfo, implique des employ\u00e9s ayant pris la d\u00e9cision de raser le cr\u00e2ne d&rsquo;un enfant plac\u00e9 sous leur responsabilit\u00e9, tout en le filmant \u00e0 des \u00ab\u00a0fins \u00e9videntes d&rsquo;humiliations\u00a0\u00bb, d&rsquo;apr\u00e8s la Ville.<\/p>\n<p class=\"mb-4 text-lg md:leading-8 break-words\">Sur ces images, l&rsquo;enfant appara\u00eet torse nu, assis sur une chaise les bras crois\u00e9s, tandis qu&rsquo;une personne lui rase la t\u00eate \u00e0 l&rsquo;aide d&rsquo;une tondeuse.<\/p>\n<p class=\"mb-4 text-lg md:leading-8 break-words\">Face \u00e0 ces \u00ab\u00a0manquements inacceptables\u00a0\u00bb, la Ville a soulign\u00e9 qu&rsquo;aucune des justifications avanc\u00e9es \u2013 qu&rsquo;il s&rsquo;agisse de la pr\u00e9sence de poux, d&rsquo;un pr\u00e9tendu accord de l&rsquo;enfant ou d&rsquo;une autorisation de sa m\u00e8re \u2013 ne pouvait \u00ab\u00a0l\u00e9gitimer la violence inflig\u00e9e\u00a0\u00bb.<\/p>\n<p class=\"mb-4 text-lg md:leading-8 break-words\">En cons\u00e9quence, la collectivit\u00e9 a saisi l&rsquo;autorit\u00e9 judiciaire et pr\u00e9voit de se constituer partie civile.<\/p>\n<p class=\"mb-4 text-lg md:leading-8 break-words\">&#8211; Enqu\u00eate administrative &#8211;<\/p>\n<p class=\"mb-4 text-lg md:leading-8 break-words\">Outre ce signalement, la mairie a diligent\u00e9 une enqu\u00eate administrative ayant d\u00e9j\u00e0 conduit au \u00ab\u00a0renouvellement de l&rsquo;\u00e9quipe\u00a0\u00bb encadrante de cette structure. Elle pr\u00e9cise que l&rsquo;analyse de la situation doit se poursuivre pour \u00ab\u00a0garantir la s\u00e9curit\u00e9 et le bien-\u00eatre des enfants confi\u00e9s dans cette unit\u00e9\u00a0\u00bb.<\/p>\n<p class=\"mb-4 text-lg md:leading-8 break-words\">L&rsquo;avocat de la famille, Axel Delaunay-Belleville, s&rsquo;\u00e9tonne que la collectivit\u00e9 n&rsquo;ait communiqu\u00e9 que mardi alors qu&rsquo;elle \u00e9tait inform\u00e9e \u00ab\u00a0depuis septembre\u00a0\u00bb, affirme-t-il.<\/p>\n<p class=\"mb-4 text-lg md:leading-8 break-words\">\u00ab\u00a0Quand la mairie de Paris pond un communiqu\u00e9 mardi matin en expliquant qu&rsquo;ils m\u00e8nent des investigations, enfin, on est en d\u00e9cembre ! C&rsquo;est du sauve qui peut\u00a0\u00bb, a-t-il d\u00e9plor\u00e9 aupr\u00e8s de l&rsquo;AFP, en ajoutant que la m\u00e8re du gar\u00e7on allait d\u00e9poser plainte \u00ab\u00a0dans les prochains jours\u00a0\u00bb.<\/p>\n<p class=\"mb-4 text-lg md:leading-8 break-words\">\u00ab\u00a0L\u2019association est profond\u00e9ment choqu\u00e9e par les agissements inappropri\u00e9s commis \u00e0 l\u2019\u00e9gard de cet enfant et qui sont compl\u00e8tement contraires aux valeurs qui sont les siennes\u00a0\u00bb, a r\u00e9agi la structure gestionnaire aupr\u00e8s de l&rsquo;AFP.<\/p>\n<p class=\"mb-4 text-lg md:leading-8 break-words\">\u00ab\u00a0S\u2019agissant de la direction g\u00e9n\u00e9rale de l\u2019association, elle n\u2019a \u00e9t\u00e9 inform\u00e9e des faits que fin mars 2025 et a ignor\u00e9 jusqu\u2019en septembre 2025 l\u2019existence d\u2019une vid\u00e9o et les conditions de sa diffusion dans le groupe WhatsApp\u00a0\u00bb, a-t-elle pr\u00e9cis\u00e9.<\/p>\n<p class=\"mb-4 text-lg md:leading-8 break-words\">L&rsquo;enfant victime a fait l&rsquo;objet d&rsquo;une \u00ab\u00a0attention particuli\u00e8re\u00a0\u00bb et a exprim\u00e9 le souhait de rester dans ce foyer, affirmant s&rsquo;y \u00ab\u00a0sentir bien malgr\u00e9 l&rsquo;\u00e9pisode violent\u00a0\u00bb, a pr\u00e9cis\u00e9 la ville.<\/p>\n<p class=\"mb-4 text-lg md:leading-8 break-words\">Les candidats aux \u00e9lections municipales de mars prochain \u00e0 Paris ont quasiment tous r\u00e9agi mardi.<\/p>\n<p class=\"mb-4 text-lg md:leading-8 break-words\">Pour l&rsquo;\u00e9cologiste David Belliard, \u00ab\u00a0la lumi\u00e8re doit \u00eatre faite sur ce comportement, qui doit \u00eatre sanctionn\u00e9 s\u00e9v\u00e8rement\u00a0\u00bb.<\/p>\n<p class=\"mb-4 text-lg md:leading-8 break-words\">Le socialiste Emmanuel Gr\u00e9goire a lui aussi annonc\u00e9 saisir la procureure de la R\u00e9publique, d\u00e9non\u00e7ant une \u00ab\u00a0humiliation d\u00e9lib\u00e9r\u00e9e, atteinte \u00e0 la dignit\u00e9 et aux droits fondamentaux d&rsquo;un mineur particuli\u00e8rement vuln\u00e9rable\u00a0\u00bb.<\/p>\n<p class=\"mb-4 text-lg md:leading-8 break-words\">Pour la candidate LFI Sophia Chikirou, \u00ab\u00a0le syst\u00e8me de protection de l&rsquo;enfance est \u00e0 l&rsquo;abandon. Anne Hidalgo et ses \u00e9lus sont responsables: c&rsquo;est de la comp\u00e9tence directe de Paris ! Leur inaction produit de la maltraitance\u00a0\u00bb.<\/p>\n<p class=\"mb-4 text-lg md:leading-8 break-words\">&#8211; \u00ab\u00a0Cruaut\u00e9\u00a0\u00bb &#8211;<\/p>\n<p class=\"mb-4 text-lg md:leading-8 break-words\">\u00ab\u00a0L&rsquo;ASE n&rsquo;est pas l\u00e0 pour ab\u00eemer. Elle est l\u00e0 pour prot\u00e9ger. Un enfant confi\u00e9 doit \u00eatre trait\u00e9 avec une dignit\u00e9 absolue\u00a0\u00bb, a pour sa part r\u00e9agi la haute-commissaire \u00e0 l&rsquo;Enfance, Sarah El Ha\u00efry, dans une d\u00e9claration \u00e0 l&rsquo;AFP.<\/p>\n<p class=\"mb-4 text-lg md:leading-8 break-words\">La pr\u00e9sidente de l&rsquo;association l&rsquo;Enfant bleu, Isabelle Debr\u00e9, s&rsquo;est dite \u00ab\u00a0abasourdie\u00a0\u00bb et \u00ab\u00a0\u00e9c\u0153ur\u00e9e\u00a0\u00bb.<\/p>\n<p class=\"mb-4 text-lg md:leading-8 break-words\">\u00ab\u00a0C&rsquo;est hallucinant de cruaut\u00e9 et c&rsquo;est une humiliation terrible pour cet enfant\u00a0\u00bb, a-t-elle r\u00e9agi aupr\u00e8s de l&rsquo;AFP.<\/p>\n<p class=\"mb-4 text-lg md:leading-8 break-words\">Isabelle Debr\u00e9 a \u00e9galement point\u00e9 du doigt la responsabilit\u00e9 des adultes encadrants: \u00ab\u00a0Ce qui est tr\u00e8s choquant, c&rsquo;est le fait que \u00e7a a \u00e9t\u00e9 partag\u00e9 sur les boucles WhatsApp, partag\u00e9 entre professionnels\u00a0\u00bb.<\/p>\n<p class=\"mb-4 text-lg md:leading-8 break-words\">La commission d&rsquo;enqu\u00eate de l&rsquo;Assembl\u00e9e nationale sur les manquements des politiques publiques de protection de l&rsquo;enfance avait alert\u00e9, dans un rapport rendu le 1er avril, sur un syst\u00e8me \u00ab\u00a0qui craque de toutes parts\u00a0\u00bb, pointant l&rsquo;existence d&rsquo;une \u00ab\u00a0violence institutionnelle\u00a0\u00bb exerc\u00e9e parfois directement par des professionnels au contact des enfants.<\/p>\n<p class=\"mb-4 text-lg md:leading-8 break-words\">Le rapport d\u00e9plorait notamment l&rsquo;absence de \u00ab\u00a0r\u00e8gle minimale d&rsquo;encadrement\u00a0\u00bb dans les foyers ainsi que des contr\u00f4les encore \u00ab\u00a0beaucoup trop lacunaires\u00a0\u00bb pour prot\u00e9ger les pr\u00e8s de 400.000 mineurs concern\u00e9s par une mesure d&rsquo;aide sociale \u00e0 l&rsquo;enfance en France.<\/p>\n<p class=\"mb-4 text-lg md:leading-8 break-words\">djb-vac-hdu-cco\/asl\/cbn<\/p>\n","protected":false},"excerpt":{"rendered":"Le parquet de Paris a annonc\u00e9 mardi avoir ouvert une enqu\u00eate pour \u00ab\u00a0violences volontaires\u00a0\u00bb apr\u00e8s la r\u00e9v\u00e9lation\u00a0de faits&hellip;\n","protected":false},"author":2,"featured_media":589614,"comment_status":"","ping_status":"","sticky":false,"template":"","format":"standard","meta":{"footnotes":""},"categories":[1888],"tags":[70277,1111,1928,11,1927,24185,1777,674,1011,27,203,1913,12,1926,626,1925,25],"class_list":{"0":"post-589613","1":"post","2":"type-post","3":"status-publish","4":"format-standard","5":"has-post-thumbnail","7":"category-paris","8":"tag-13e-arrondissement-de-paris","9":"tag-actu","10":"tag-actu-paris","11":"tag-actualites","12":"tag-actualites-paris","13":"tag-enquete-administrative","14":"tag-eu","15":"tag-europe","16":"tag-fr","17":"tag-france","18":"tag-la-tete","19":"tag-la-ville","20":"tag-news","21":"tag-news-paris","22":"tag-paris","23":"tag-paris-news","24":"tag-republique-francaise"},"share_on_mastodon":{"url":"https:\/\/pubeurope.com\/@fr\/115692593685156633","error":""},"_links":{"self":[{"href":"https:\/\/www.europesays.com\/fr\/wp-json\/wp\/v2\/posts\/589613","targetHints":{"allow":["GET"]}}],"collection":[{"href":"https:\/\/www.europesays.com\/fr\/wp-json\/wp\/v2\/posts"}],"about":[{"href":"https:\/\/www.europesays.com\/fr\/wp-json\/wp\/v2\/types\/post"}],"author":[{"embeddable":true,"href":"https:\/\/www.europesays.com\/fr\/wp-json\/wp\/v2\/users\/2"}],"replies":[{"embeddable":true,"href":"https:\/\/www.europesays.com\/fr\/wp-json\/wp\/v2\/comments?post=589613"}],"version-history":[{"count":0,"href":"https:\/\/www.europesays.com\/fr\/wp-json\/wp\/v2\/posts\/589613\/revisions"}],"wp:featuredmedia":[{"embeddable":true,"href":"https:\/\/www.europesays.com\/fr\/wp-json\/wp\/v2\/media\/589614"}],"wp:attachment":[{"href":"https:\/\/www.europesays.com\/fr\/wp-json\/wp\/v2\/media?parent=589613"}],"wp:term":[{"taxonomy":"category","embeddable":true,"href":"https:\/\/www.europesays.com\/fr\/wp-json\/wp\/v2\/categories?post=589613"},{"taxonomy":"post_tag","embeddable":true,"href":"https:\/\/www.europesays.com\/fr\/wp-json\/wp\/v2\/tags?post=589613"}],"curies":[{"name":"wp","href":"https:\/\/api.w.org\/{rel}","templated":true}]}}