{"id":589619,"date":"2025-12-10T01:09:18","date_gmt":"2025-12-10T01:09:18","guid":{"rendered":"https:\/\/www.europesays.com\/fr\/589619\/"},"modified":"2025-12-10T01:09:18","modified_gmt":"2025-12-10T01:09:18","slug":"la-fin-de-la-guerre-russie-ukraine-priorite-cle-de-washington-selon-lemissaire-americaine-a-lonu","status":"publish","type":"post","link":"https:\/\/www.europesays.com\/fr\/589619\/","title":{"rendered":"La fin de la guerre Russie-Ukraine, priorit\u00e9 cl\u00e9 de Washington, selon l\u2019\u00e9missaire am\u00e9ricaine \u00e0 l\u2019ONU"},"content":{"rendered":"<p>AA \/ Washington \/ Diyar Guldogan<\/p>\n<p>L\u2019\u00e9missaire am\u00e9ricaine aupr\u00e8s de l\u2019ONU, Jennifer Locetta, a affirm\u00e9 mardi que l\u2019administration de Donald Trump intensifiait ses efforts diplomatiques afin de mettre fin \u00e0 la guerre entre la Russie et l\u2019Ukraine.<\/p>\n<p>\u00ab Mettre un terme au conflit Russie-Ukraine reste une priorit\u00e9 absolue pour le pr\u00e9sident Donald Trump. Les \u00c9tats-Unis travaillent \u00e0 tous les niveaux pour parvenir d\u2019urgence \u00e0 un cessez-le-feu durable et \u00e0 un r\u00e8glement n\u00e9goci\u00e9 \u00bb, a d\u00e9clar\u00e9 la diplomate lors d\u2019une r\u00e9union du Conseil de s\u00e9curit\u00e9.<\/p>\n<p>Washington est engag\u00e9 dans une diplomatie de navette \u00ab inlassable \u00bb pour tenter de rapprocher Moscou et Kiev, a-t-elle pr\u00e9cis\u00e9, \u00e9voquant des discussions \u00ab complexes et difficiles \u00bb, mais toujours en cours.<\/p>\n<p>Selon elle, une issue au conflit impliquera des \u00ab choix difficiles \u00bb de part et d\u2019autre, soulignant que l\u2019objectif am\u00e9ricain demeure un accord de paix pr\u00e9servant la souverainet\u00e9 et l\u2019ind\u00e9pendance de l\u2019Ukraine.<\/p>\n<p>\u00ab Le nombre de morts et l\u2019ampleur des destructions en Ukraine comme en Russie ne cessent de s\u2019accro\u00eetre. Le co\u00fbt humanitaire de cette guerre est inacceptable \u00bb, a-t-elle affirm\u00e9, appelant Moscou et Kiev \u00e0 \u00ab mettre fin \u00e0 des pertes de vies insens\u00e9es \u00bb.<\/p>\n<p>Locetta a \u00e9galement alert\u00e9 sur la d\u00e9gradation de la situation humanitaire, citant des conditions hivernales difficiles, la poursuite des frappes sur des zones habit\u00e9es et les attaques contre les infrastructures \u00e9nerg\u00e9tiques ukrainiennes, laissant des millions de personnes priv\u00e9es de chauffage et d\u2019\u00e9lectricit\u00e9.<\/p>\n<p>\u00ab Les combats doivent cesser. Les deux camps doivent choisir la paix \u00bb, a-t-elle insist\u00e9, \u00e9voquant \u00ab un dialogue en cours et productif \u00bb \u00e0 l\u2019approche de 2026, tout en appelant \u00e0 saisir l\u2019opportunit\u00e9 d\u2019une \u00ab paix juste et durable \u00bb.<\/p>\n<p>Donald Trump a lanc\u00e9 une initiative pour tenter de mettre fin \u00e0 la guerre d\u00e9clench\u00e9e en 2022. La semaine derni\u00e8re, son \u00e9missaire sp\u00e9cial, Steve Witkoff, et son gendre, Jared Kushner, se sont rendus \u00e0 Moscou pour rencontrer le pr\u00e9sident russe Vladimir Poutine, avant de se rendre en Floride afin d\u2019\u00e9changer avec plusieurs hauts responsables ukrainiens, dans le but de tenter de rapprocher les positions autour d\u2019une proposition de r\u00e8glement.<\/p>\n<p>* traduit de l&rsquo;anglais par Ayse Betul Akcesme<\/p>\n<p>                            &#13;<br \/>\n                                <a href=\"https:\/\/www.aa.com.tr\/fr\/p\/abonnement\/1001\" target=\"_blank\" style=\"font-size:12px; color:#444; text-decoration:none;\" rel=\"noopener\">&#13;<br \/>\n                                    Seulement une partie des d\u00e9p\u00eaches, que l&rsquo;Agence Anadolu diffuse \u00e0 ses abonn\u00e9s via le Syst\u00e8me de Diffusion interne (HAS), est diffus\u00e9e sur le site de l&rsquo;AA, de mani\u00e8re r\u00e9sum\u00e9e. <b style=\"color:#1897F7\">Contactez-nous s&rsquo;il vous pla\u00eet pour vous abonner.<\/b>&#13;<br \/>\n                                <\/a>&#13;<\/p>\n","protected":false},"excerpt":{"rendered":"AA \/ Washington \/ Diyar Guldogan L\u2019\u00e9missaire am\u00e9ricaine aupr\u00e8s de l\u2019ONU, Jennifer Locetta, a affirm\u00e9 mardi que l\u2019administration&hellip;\n","protected":false},"author":2,"featured_media":589620,"comment_status":"","ping_status":"","sticky":false,"template":"","format":"standard","meta":{"footnotes":""},"categories":[1591],"tags":[4295,11,1785,70279,1887,12,3521,1885,1886,132,220],"class_list":{"0":"post-589619","1":"post","2":"type-post","3":"status-publish","4":"format-standard","5":"has-post-thumbnail","7":"category-russie","8":"tag-tats-unis","9":"tag-actualites","10":"tag-anadolu-ajansi","11":"tag-envoy-amricain","12":"tag-federation-de-russie","13":"tag-news","14":"tag-onu","15":"tag-russia","16":"tag-russian-federation","17":"tag-russie","18":"tag-ukraine"},"share_on_mastodon":{"url":"https:\/\/pubeurope.com\/@fr\/115692605559874721","error":""},"_links":{"self":[{"href":"https:\/\/www.europesays.com\/fr\/wp-json\/wp\/v2\/posts\/589619","targetHints":{"allow":["GET"]}}],"collection":[{"href":"https:\/\/www.europesays.com\/fr\/wp-json\/wp\/v2\/posts"}],"about":[{"href":"https:\/\/www.europesays.com\/fr\/wp-json\/wp\/v2\/types\/post"}],"author":[{"embeddable":true,"href":"https:\/\/www.europesays.com\/fr\/wp-json\/wp\/v2\/users\/2"}],"replies":[{"embeddable":true,"href":"https:\/\/www.europesays.com\/fr\/wp-json\/wp\/v2\/comments?post=589619"}],"version-history":[{"count":0,"href":"https:\/\/www.europesays.com\/fr\/wp-json\/wp\/v2\/posts\/589619\/revisions"}],"wp:featuredmedia":[{"embeddable":true,"href":"https:\/\/www.europesays.com\/fr\/wp-json\/wp\/v2\/media\/589620"}],"wp:attachment":[{"href":"https:\/\/www.europesays.com\/fr\/wp-json\/wp\/v2\/media?parent=589619"}],"wp:term":[{"taxonomy":"category","embeddable":true,"href":"https:\/\/www.europesays.com\/fr\/wp-json\/wp\/v2\/categories?post=589619"},{"taxonomy":"post_tag","embeddable":true,"href":"https:\/\/www.europesays.com\/fr\/wp-json\/wp\/v2\/tags?post=589619"}],"curies":[{"name":"wp","href":"https:\/\/api.w.org\/{rel}","templated":true}]}}