{"id":589623,"date":"2025-12-10T01:11:27","date_gmt":"2025-12-10T01:11:27","guid":{"rendered":"https:\/\/www.europesays.com\/fr\/589623\/"},"modified":"2025-12-10T01:11:27","modified_gmt":"2025-12-10T01:11:27","slug":"un-condamne-en-instance-dexecution-en-floride","status":"publish","type":"post","link":"https:\/\/www.europesays.com\/fr\/589623\/","title":{"rendered":"un condamn\u00e9 en instance d&rsquo;ex\u00e9cution en Floride"},"content":{"rendered":"<p>\n    Reconnu coupable de meurtre, Mark Geralds, 58 ans, a \u00e9t\u00e9 condamn\u00e9 \u00e0 la peine capitale par injection l\u00e9tale ce mardi.<\/p>\n<p class=\"fig-paragraph\">Un homme condamn\u00e9 \u00e0 la peine capitale pour le meurtre d&rsquo;une femme en 1989 est en instance d&rsquo;<a href=\"http:\/\/www.lefigaro.fr\/flash-actu\/etats-unis-un-condamne-a-mort-en-instance-d-execution-en-floride-20251120\" data-fig-type=\"NewsFlash\" data-gtm-custom-categorie=\"navigation\" data-gtm-custom-action=\"crossclick\" data-gtm-custom-label=\"Contextuel\" data-gtm-event=\"customEventSPE\" data-fig-domain=\"LEFIGARO\" target=\"_blank\" rel=\"noopener\">ex\u00e9cution<\/a>\u00a0mardi en Floride, dans le sud-est des\u00a0<a href=\"http:\/\/www.lefigaro.fr\/flash-actu\/deux-nouvelles-executions-aux-etats-unis-un-record-depuis-2013-20251015\" data-fig-type=\"NewsFlash\" data-gtm-custom-categorie=\"navigation\" data-gtm-custom-action=\"crossclick\" data-gtm-custom-label=\"Contextuel\" data-gtm-event=\"customEventSPE\" data-fig-domain=\"LEFIGARO\" target=\"_blank\" rel=\"noopener\">\u00c9tats-Unis<\/a>. Si cette ex\u00e9cution par injection l\u00e9tale est r\u00e9alis\u00e9e, il s&rsquo;agira de la 45e aux \u00c9tats-Unis, dont 18 pour la seule Floride en 2025, le plus haut niveau depuis les 46 enregistr\u00e9es en 2010. Trois autres sont programm\u00e9es d&rsquo;ici la fin de l&rsquo;ann\u00e9e.<\/p>\n<p class=\"fig-paragraph\">Mark Geralds, 58 ans, a \u00e9t\u00e9 reconnu coupable du meurtre de Tressa Pettibone, 33 ans, retrouv\u00e9e poignard\u00e9e et battue \u00e0 mort \u00e0 son domicile par son fils de 8 ans \u00e0 son retour de l&rsquo;\u00e9cole.<\/p>\n<p>                                            <a class=\"fig-a11y-skip\" href=\"#fig-a11y-skip-main-inarticle\" data-module=\"a11y-skip\" data-context=\"was @visible\"><br \/>\n    Passer la publicit\u00e9<br \/>\n<\/a>            <\/p>\n<p>                                            23 des 50 \u00c9tats am\u00e9ricains ont aboli la peine de mort<\/p>\n<p class=\"fig-paragraph\">La grande majorit\u00e9 des ex\u00e9cutions aux \u00c9tats-Unis sont r\u00e9alis\u00e9es par injection l\u00e9tale, soit 36 jusqu\u2019\u00e0 pr\u00e9sent en 2025. Cinq autres l&rsquo;ont \u00e9t\u00e9 par inhalation d&rsquo;azote, une m\u00e9thode utilis\u00e9e pour la premi\u00e8re fois au monde par l&rsquo;Alabama (sud) en 2024 et compar\u00e9e par des experts de l&rsquo;ONU \u00e0 une forme de \u00abtorture\u00bb, et trois par peloton d&rsquo;ex\u00e9cution en Caroline du Sud, pour la premi\u00e8re fois aux \u00c9tats-Unis depuis 2010.<\/p>\n<p class=\"fig-paragraph\">La peine de mort a \u00e9t\u00e9 abolie dans 23 des 50 \u00c9tats am\u00e9ricains. Trois autres, la Californie, l&rsquo;Oregon et la Pennsylvanie observent un moratoire des ex\u00e9cutions sur d\u00e9cision du gouverneur.<\/p>\n","protected":false},"excerpt":{"rendered":"Reconnu coupable de meurtre, Mark Geralds, 58 ans, a \u00e9t\u00e9 condamn\u00e9 \u00e0 la peine capitale par injection l\u00e9tale&hellip;\n","protected":false},"author":2,"featured_media":589624,"comment_status":"","ping_status":"","sticky":false,"template":"","format":"standard","meta":{"footnotes":""},"categories":[1589],"tags":[11,73,1866,6189,5797,12,1864,1865,1863,308],"class_list":{"0":"post-589623","1":"post","2":"type-post","3":"status-publish","4":"format-standard","5":"has-post-thumbnail","7":"category-etats-unis","8":"tag-actualites","9":"tag-etats-unis","10":"tag-etats-unis-damerique","11":"tag-execution","12":"tag-floride","13":"tag-news","14":"tag-united-states","15":"tag-united-states-of-america","16":"tag-us","17":"tag-usa"},"share_on_mastodon":{"url":"https:\/\/pubeurope.com\/@fr\/115692613402045246","error":""},"_links":{"self":[{"href":"https:\/\/www.europesays.com\/fr\/wp-json\/wp\/v2\/posts\/589623","targetHints":{"allow":["GET"]}}],"collection":[{"href":"https:\/\/www.europesays.com\/fr\/wp-json\/wp\/v2\/posts"}],"about":[{"href":"https:\/\/www.europesays.com\/fr\/wp-json\/wp\/v2\/types\/post"}],"author":[{"embeddable":true,"href":"https:\/\/www.europesays.com\/fr\/wp-json\/wp\/v2\/users\/2"}],"replies":[{"embeddable":true,"href":"https:\/\/www.europesays.com\/fr\/wp-json\/wp\/v2\/comments?post=589623"}],"version-history":[{"count":0,"href":"https:\/\/www.europesays.com\/fr\/wp-json\/wp\/v2\/posts\/589623\/revisions"}],"wp:featuredmedia":[{"embeddable":true,"href":"https:\/\/www.europesays.com\/fr\/wp-json\/wp\/v2\/media\/589624"}],"wp:attachment":[{"href":"https:\/\/www.europesays.com\/fr\/wp-json\/wp\/v2\/media?parent=589623"}],"wp:term":[{"taxonomy":"category","embeddable":true,"href":"https:\/\/www.europesays.com\/fr\/wp-json\/wp\/v2\/categories?post=589623"},{"taxonomy":"post_tag","embeddable":true,"href":"https:\/\/www.europesays.com\/fr\/wp-json\/wp\/v2\/tags?post=589623"}],"curies":[{"name":"wp","href":"https:\/\/api.w.org\/{rel}","templated":true}]}}