{"id":589627,"date":"2025-12-10T01:14:02","date_gmt":"2025-12-10T01:14:02","guid":{"rendered":"https:\/\/www.europesays.com\/fr\/589627\/"},"modified":"2025-12-10T01:14:02","modified_gmt":"2025-12-10T01:14:02","slug":"lallemagne-un-allie-cle-pour-larmenie-rencontre-pachinian-steinmeier-a-berlin","status":"publish","type":"post","link":"https:\/\/www.europesays.com\/fr\/589627\/","title":{"rendered":"L&rsquo;Allemagne, un alli\u00e9 cl\u00e9 pour l&rsquo;Arm\u00e9nie : Rencontre Pachinian-Steinmeier \u00e0 Berlin"},"content":{"rendered":"<p>Dans le cadre de sa visite officielle en Allemagne, le Premier ministre arm\u00e9nien, Nikol Pachinian, a rencontr\u00e9 le pr\u00e9sident allemand, Frank-Walter Steinmeier, \u00e0 Berlin.<\/p>\n<p><img loading=\"lazy\" decoding=\"async\" src=\"https:\/\/www.europesays.com\/fr\/wp-content\/uploads\/2025\/12\/7696.jpg\" alt=\"\" width=\"940\" height=\"788\"\/><\/p>\n<p>Le Premier ministre arm\u00e9nien et le pr\u00e9sident d\u2019Allemagne se sont d\u2019abord entretenus en priv\u00e9, puis les discussions se sont poursuivies dans un format plus large.<\/p>\n<p><img loading=\"lazy\" decoding=\"async\" src=\"data:image\/svg+xml,%3Csvg%20xmlns=\" http:=\"\" alt=\"\" width=\"1670\" height=\"1113\" data-lazy-src=\"https:\/\/www.europesays.com\/fr\/wp-content\/uploads\/2025\/12\/7698A.jpg\"\/><\/p>\n<p>Frank-Walter Steinmeier a salu\u00e9 la visite officielle de Nikol Pachinian et a soulign\u00e9 la volont\u00e9 de son pays de d\u00e9velopper ses relations avec l\u2019Arm\u00e9nie. Le pr\u00e9sident de la R\u00e9publique f\u00e9d\u00e9rale d\u2019Allemagne s\u2019est dit convaincu que la visite du Premier ministre arm\u00e9nien donnerait un nouvel \u00e9lan \u00e0 la coop\u00e9ration bilat\u00e9rale dans tous les domaines.<\/p>\n<p><img loading=\"lazy\" decoding=\"async\" src=\"data:image\/svg+xml,%3Csvg%20xmlns=\" http:=\"\" alt=\"\" width=\"1670\" height=\"1113\" data-lazy-src=\"https:\/\/www.europesays.com\/fr\/wp-content\/uploads\/2025\/12\/7698.jpg\"\/><\/p>\n<p>Le Premier ministre arm\u00e9nien a exprim\u00e9 sa gratitude pour l\u2019accueil chaleureux et a soulign\u00e9 que l\u2019Allemagne est un alli\u00e9 cl\u00e9 de l\u2019Arm\u00e9nie, tant au niveau bilat\u00e9ral que dans le cadre du partenariat avec l\u2019UE. Selon lui, les deux pays sont unis par un engagement commun en faveur des droits de l\u2019homme, de la d\u00e9mocratie et de l\u2019\u00c9tat de droit, et l\u2019Arm\u00e9nie et l\u2019Allemagne coop\u00e8rent activement sur les plateformes bilat\u00e9rales et multilat\u00e9rales. Le chef de l\u2019\u00c9tat a ajout\u00e9 que l\u2019Arm\u00e9nie souhaite \u00e9galement donner une nouvelle dimension \u00e0 son partenariat avec l\u2019Allemagne.<\/p>\n<p><img loading=\"lazy\" decoding=\"async\" src=\"data:image\/svg+xml,%3Csvg%20xmlns=\" http:=\"\" alt=\"\" width=\"516\" height=\"344\" data-lazy-src=\"https:\/\/www.europesays.com\/fr\/wp-content\/uploads\/2025\/12\/7699A.jpg\"\/><\/p>\n<p>Les interlocuteurs ont abord\u00e9 les questions relatives aux relations bilat\u00e9rales. Ils ont \u00e9chang\u00e9 leurs points de vue sur le d\u00e9veloppement de la coop\u00e9ration entre l\u2019Arm\u00e9nie et l\u2019UE. Ils ont soulign\u00e9 l\u2019importance de la tenue du sommet de la Communaut\u00e9 politique europ\u00e9enne (CPE) en Arm\u00e9nie et ont not\u00e9 qu\u2019il s\u2019agit d\u2019une plateforme essentielle pour le dialogue politique avec l\u2019Europe.<\/p>\n<p>Il a \u00e9galement \u00e9t\u00e9 question de l\u2019instauration de la paix entre l\u2019Arm\u00e9nie et l\u2019Azerba\u00efdjan, ainsi que d\u2019autres sujets d\u2019importance r\u00e9gionale.<\/p>\n<p>\u00a0<\/p>\n<p>Krikor Amirzayan<\/p>\n","protected":false},"excerpt":{"rendered":"Dans le cadre de sa visite officielle en Allemagne, le Premier ministre arm\u00e9nien, Nikol Pachinian, a rencontr\u00e9 le&hellip;\n","protected":false},"author":2,"featured_media":589628,"comment_status":"","ping_status":"","sticky":false,"template":"","format":"standard","meta":{"footnotes":""},"categories":[1587],"tags":[11,672,5950,1804,1805,1803,312,33,1777,674,1801,12,1802],"class_list":{"0":"post-589627","1":"post","2":"type-post","3":"status-publish","4":"format-standard","5":"has-post-thumbnail","7":"category-allemagne","8":"tag-actualites","9":"tag-allemagne","10":"tag-armenie","11":"tag-bundesrepublik-deutschland","12":"tag-de","13":"tag-deutschland","14":"tag-diplomatie","15":"tag-economie","16":"tag-eu","17":"tag-europe","18":"tag-germany","19":"tag-news","20":"tag-republique-federale-dallemagne"},"share_on_mastodon":{"url":"https:\/\/pubeurope.com\/@fr\/115692625943840807","error":""},"_links":{"self":[{"href":"https:\/\/www.europesays.com\/fr\/wp-json\/wp\/v2\/posts\/589627","targetHints":{"allow":["GET"]}}],"collection":[{"href":"https:\/\/www.europesays.com\/fr\/wp-json\/wp\/v2\/posts"}],"about":[{"href":"https:\/\/www.europesays.com\/fr\/wp-json\/wp\/v2\/types\/post"}],"author":[{"embeddable":true,"href":"https:\/\/www.europesays.com\/fr\/wp-json\/wp\/v2\/users\/2"}],"replies":[{"embeddable":true,"href":"https:\/\/www.europesays.com\/fr\/wp-json\/wp\/v2\/comments?post=589627"}],"version-history":[{"count":0,"href":"https:\/\/www.europesays.com\/fr\/wp-json\/wp\/v2\/posts\/589627\/revisions"}],"wp:featuredmedia":[{"embeddable":true,"href":"https:\/\/www.europesays.com\/fr\/wp-json\/wp\/v2\/media\/589628"}],"wp:attachment":[{"href":"https:\/\/www.europesays.com\/fr\/wp-json\/wp\/v2\/media?parent=589627"}],"wp:term":[{"taxonomy":"category","embeddable":true,"href":"https:\/\/www.europesays.com\/fr\/wp-json\/wp\/v2\/categories?post=589627"},{"taxonomy":"post_tag","embeddable":true,"href":"https:\/\/www.europesays.com\/fr\/wp-json\/wp\/v2\/tags?post=589627"}],"curies":[{"name":"wp","href":"https:\/\/api.w.org\/{rel}","templated":true}]}}