{"id":589629,"date":"2025-12-10T01:15:31","date_gmt":"2025-12-10T01:15:31","guid":{"rendered":"https:\/\/www.europesays.com\/fr\/589629\/"},"modified":"2025-12-10T01:15:31","modified_gmt":"2025-12-10T01:15:31","slug":"la-fierte-de-cedric-enard-apres-la-victoire-de-lalterna-stade-poitevin","status":"publish","type":"post","link":"https:\/\/www.europesays.com\/fr\/589629\/","title":{"rendered":"la fiert\u00e9 de C\u00e9dric Enard apr\u00e8s la victoire de l\u2019Alterna Stade Poitevin"},"content":{"rendered":"<p>Apr\u00e8s la tr\u00e8s belle victoire face au Panathina\u00efkos, le manager g\u00e9n\u00e9ral de l\u2019Alterna Stade Poitevin C\u00e9dric Enard a salu\u00e9 la prestation de sa jeune formation.<\/p>\n<p class=\"interview\">Votre \u00e9quipe a r\u00e9alis\u00e9 une grosse performance face au Panathina\u00efkos\u2026<\/p>\n<p>\u00ab\u00a0Oui, c\u2019\u00e9tait un vrai beau match de Coupe d\u2019Europe avec une \u00e9quipe consciente de l\u2019enjeu et d\u2019un adversaire qu\u2019il fallait absolument prendre au s\u00e9rieux pour avoir une entame de match qui nous permet de nous mettre dans le rythme et prendre confiance. Au troisi\u00e8me set, on s\u2019est fait peur, parfois, on a pris des petites s\u00e9ries de deux, trois points qui leur ont permis de revenir mais, \u00e0 part cela, on a \u00e9t\u00e9 s\u00e9rieux du d\u00e9but \u00e0 la fin et cela nous a permis d\u2019\u00e9touffer les Grecs et de faire un vrai match plein. J\u2019esp\u00e8re que cela va donner confiance au groupe. Cette rencontre a \u00e9t\u00e9 tr\u00e8s bien men\u00e9e, s\u00e9rieuse, tr\u00e8s propre et je suis vraiment tr\u00e8s satisfait de \u00e7a&#8230;. <\/p>\n<p>    Cet article a \u00e9t\u00e9 tronqu\u00e9. Abonnez-vous pour lire l&rsquo;article complet sur notre site.<\/p>\n<p>\u00a0\u00bb<\/p>\n<p style=\"margin: 0 !important; padding: 0 !important; font-size: 12px !important;\">Cet article a \u00e9t\u00e9 tronqu\u00e9. Abonnez-vous pour lire l&rsquo;article complet.<\/p>\n<p>    <a href=\"https:\/\/www.lanouvellerepublique.fr\/abonnements\" style=\"display: inline-block; margin-top: 5px !important; padding: 6px 12px !important; background: #cb1c27; color: white; text-decoration: none; border-radius: 4px; font-size: 12px !important;\" target=\"_blank\" rel=\"noopener\"><br \/>\n      S&rsquo;abonner<br \/>\n    <\/a><\/p>\n","protected":false},"excerpt":{"rendered":"Apr\u00e8s la tr\u00e8s belle victoire face au Panathina\u00efkos, le manager g\u00e9n\u00e9ral de l\u2019Alterna Stade Poitevin C\u00e9dric Enard a&hellip;\n","protected":false},"author":2,"featured_media":589630,"comment_status":"","ping_status":"","sticky":false,"template":"","format":"standard","meta":{"footnotes":""},"categories":[1586],"tags":[1392,11,1654,39145,1777,674,1011,27,12,1653,25,60,1584,1470],"class_list":{"0":"post-589629","1":"post","2":"type-post","3":"status-publish","4":"format-standard","5":"has-post-thumbnail","7":"category-europe","8":"tag-a-la-une-local","9":"tag-actualites","10":"tag-alterna-stade-poitevin-volley-ball","11":"tag-coupe-deurope-volley","12":"tag-eu","13":"tag-europe","14":"tag-fr","15":"tag-france","16":"tag-news","17":"tag-poitiers","18":"tag-republique-francaise","19":"tag-sports","20":"tag-vienne","21":"tag-volley"},"share_on_mastodon":{"url":"https:\/\/pubeurope.com\/@fr\/115692629058547452","error":""},"_links":{"self":[{"href":"https:\/\/www.europesays.com\/fr\/wp-json\/wp\/v2\/posts\/589629","targetHints":{"allow":["GET"]}}],"collection":[{"href":"https:\/\/www.europesays.com\/fr\/wp-json\/wp\/v2\/posts"}],"about":[{"href":"https:\/\/www.europesays.com\/fr\/wp-json\/wp\/v2\/types\/post"}],"author":[{"embeddable":true,"href":"https:\/\/www.europesays.com\/fr\/wp-json\/wp\/v2\/users\/2"}],"replies":[{"embeddable":true,"href":"https:\/\/www.europesays.com\/fr\/wp-json\/wp\/v2\/comments?post=589629"}],"version-history":[{"count":0,"href":"https:\/\/www.europesays.com\/fr\/wp-json\/wp\/v2\/posts\/589629\/revisions"}],"wp:featuredmedia":[{"embeddable":true,"href":"https:\/\/www.europesays.com\/fr\/wp-json\/wp\/v2\/media\/589630"}],"wp:attachment":[{"href":"https:\/\/www.europesays.com\/fr\/wp-json\/wp\/v2\/media?parent=589629"}],"wp:term":[{"taxonomy":"category","embeddable":true,"href":"https:\/\/www.europesays.com\/fr\/wp-json\/wp\/v2\/categories?post=589629"},{"taxonomy":"post_tag","embeddable":true,"href":"https:\/\/www.europesays.com\/fr\/wp-json\/wp\/v2\/tags?post=589629"}],"curies":[{"name":"wp","href":"https:\/\/api.w.org\/{rel}","templated":true}]}}