{"id":589633,"date":"2025-12-10T01:22:19","date_gmt":"2025-12-10T01:22:19","guid":{"rendered":"https:\/\/www.europesays.com\/fr\/589633\/"},"modified":"2025-12-10T01:22:19","modified_gmt":"2025-12-10T01:22:19","slug":"lassemblee-vote-de-justesse-en-faveur-du-texte-amelie-de-montchalin-appelle-a-continuer-le-travail-pour-le-projet-de-loi-de-finances","status":"publish","type":"post","link":"https:\/\/www.europesays.com\/fr\/589633\/","title":{"rendered":"l\u2019Assembl\u00e9e vote de justesse en faveur du texte\u00a0; Am\u00e9lie de Montchalin appelle \u00e0 continuer le travail pour le projet de loi de finances"},"content":{"rendered":"<p>   Eric Ciotti accuse Laurent Wauquiez de vouloir \u00ab\u00a0d\u00e9truire\u00a0\u00bb Bruno Retailleau              <\/p>\n<p class=\"post__live-container--answer-text post__space-node\">L\u2019ancien pr\u00e9sident des R\u00e9publicains (LR) Eric Ciotti, qui s\u2019est d\u00e9sormais alli\u00e9 au Rassemblement national (RN), a accus\u00e9 le pr\u00e9sident des d\u00e9put\u00e9s de droite, Laurent Wauquiez, de vouloir \u00ab\u00a0d\u00e9truire\u00a0\u00bb Bruno Retailleau, qui a pris la t\u00eate du parti au cours du printemps, apr\u00e8s le vote par l\u2019Assembl\u00e9e du budget de la S\u00e9curit\u00e9 sociale pour 2026.<\/p>\n<p class=\"post__live-container--answer-text post__space-node\">\u00ab\u00a0Je vois bien que Laurent Wauquiez ne suit qu\u2019un seul objectif\u00a0: d\u00e9truire Bruno Retailleau, qu\u2019il consid\u00e8re comme son adversaire interne\u00a0\u00bb, a affirm\u00e9 le d\u00e9put\u00e9 des Alpes-Martimes dans un entretien <a href=\"https:\/\/www.lefigaro.fr\/politique\/eric-ciotti-sebastien-lecornu-restera-un-dynamiteur-de-la-nation-20251209\" target=\"_blank\" rel=\"noopener\" title=\"Nouvelle fen\u00eatre\">mis en ligne sur le site du Figaro.<\/a><\/p>\n<p class=\"post__live-container--answer-text post__space-node\">Les R\u00e9publicains sont apparus tr\u00e8s divis\u00e9s \u00e0 propos du scrutin de mardi, entre votes pour (18), abstentions (28), et votes contre (3), malgr\u00e9 les virulentes critiques de M.\u00a0Retailleau envers cette copie budg\u00e9taire.<\/p>\n<p class=\"post__live-container--answer-text post__space-node\">M.\u00a0Wauquiez, qui s\u2019est abstenu, \u00ab\u00a0a vocation \u00e0 rejoindre une coalition \u201csocialo-macroniste\u201d\u00a0\u00bb, a estim\u00e9 le pr\u00e9sident de l\u2019Union des droites pour la R\u00e9publique (UDR) et candidat \u00e0 la mairie de Nice. M.\u00a0Ciotti a notamment fustig\u00e9 ce \u00ab\u00a0texte de gauche\u00a0\u00bb, \u00ab\u00a0un v\u00e9ritable \u201cquoi-qu\u2019il-en-co\u00fbte\u201d politicien\u00a0: imp\u00f4ts, d\u00e9penses suppl\u00e9mentaires, absence de courage, suspension de la r\u00e9forme des retraites\u2026\u00a0\u00bb<\/p>\n<p class=\"post__live-container--answer-text post__space-node\">Ces d\u00e9clarations ont tout de suite \u00e9t\u00e9 rejet\u00e9es par l\u2019entourage de Laurent Wauquiez, qui a renvoy\u00e9 M.\u00a0Ciotti \u00e0 son alliance avec le Rassemblement national\u00a0: \u00ab\u00a0Faut \u00eatre un sacr\u00e9 guignol pour oser parler d\u2019imp\u00f4ts quand on est soumis \u00e0 un parti qui a vot\u00e9 34\u00a0milliards de hausses d\u2019imp\u00f4ts main dans la main avec LFI\u00a0\u00bb lors de l\u2019examen du budget de l\u2019Etat, a-t-il r\u00e9agi aupr\u00e8s de l\u2019Agence France-Presse (AFP).<\/p>\n<p class=\"post__live-container--answer-text post__space-node\">Eric Ciotti a, en revanche appel\u00e9 Bruno Retailleau \u00ab\u00a0\u00e0 rejoindre la coalition\u00a0\u00bb form\u00e9e par le RN et l\u2019UDR, estimant qu\u2019il \u00ab\u00a0s\u2019est perdu au gouvernement\u00a0\u00bb en tant que ministre de l\u2019int\u00e9rieur sous Michel Barnier et Fran\u00e7ois Bayrou, \u00ab\u00a0mais a eu une forme de courage en sortant et n\u2019a plus rien \u00e0 faire avec les complices du PS\u00a0\u00bb.<\/p>\n<p class=\"post__live-container--answer-text post__space-node\">En vue de la prochaine \u00e9lection pr\u00e9sidentielle, M.\u00a0Ciotti a \u00e9galement rejet\u00e9 l\u2019id\u00e9e de primaire de la droite d\u00e9fendue par Laurent Wauquiez pour d\u00e9signer un candidat, qui irait du macroniste G\u00e9rald Darmanin \u00e0 Sarah Knafo, eurod\u00e9put\u00e9e du parti d\u2019extr\u00eame droite Reconqu\u00eate. \u00ab\u00a0Tout ceci est grotesque et insinc\u00e8re\u00a0: c\u2019est de la tactique politicienne pour g\u00eaner Bruno Retailleau\u00a0\u00bb, a-t-il affirm\u00e9.<\/p>\n","protected":false},"excerpt":{"rendered":"Eric Ciotti accuse Laurent Wauquiez de vouloir \u00ab\u00a0d\u00e9truire\u00a0\u00bb Bruno Retailleau L\u2019ancien pr\u00e9sident des R\u00e9publicains (LR) Eric Ciotti, qui&hellip;\n","protected":false},"author":2,"featured_media":589634,"comment_status":"","ping_status":"","sticky":false,"template":"","format":"standard","meta":{"footnotes":""},"categories":[2],"tags":[11,1011,27,12,25],"class_list":{"0":"post-589633","1":"post","2":"type-post","3":"status-publish","4":"format-standard","5":"has-post-thumbnail","7":"category-actualites","8":"tag-actualites","9":"tag-fr","10":"tag-france","11":"tag-news","12":"tag-republique-francaise"},"share_on_mastodon":{"url":"https:\/\/pubeurope.com\/@fr\/115692656718065103","error":""},"_links":{"self":[{"href":"https:\/\/www.europesays.com\/fr\/wp-json\/wp\/v2\/posts\/589633","targetHints":{"allow":["GET"]}}],"collection":[{"href":"https:\/\/www.europesays.com\/fr\/wp-json\/wp\/v2\/posts"}],"about":[{"href":"https:\/\/www.europesays.com\/fr\/wp-json\/wp\/v2\/types\/post"}],"author":[{"embeddable":true,"href":"https:\/\/www.europesays.com\/fr\/wp-json\/wp\/v2\/users\/2"}],"replies":[{"embeddable":true,"href":"https:\/\/www.europesays.com\/fr\/wp-json\/wp\/v2\/comments?post=589633"}],"version-history":[{"count":0,"href":"https:\/\/www.europesays.com\/fr\/wp-json\/wp\/v2\/posts\/589633\/revisions"}],"wp:featuredmedia":[{"embeddable":true,"href":"https:\/\/www.europesays.com\/fr\/wp-json\/wp\/v2\/media\/589634"}],"wp:attachment":[{"href":"https:\/\/www.europesays.com\/fr\/wp-json\/wp\/v2\/media?parent=589633"}],"wp:term":[{"taxonomy":"category","embeddable":true,"href":"https:\/\/www.europesays.com\/fr\/wp-json\/wp\/v2\/categories?post=589633"},{"taxonomy":"post_tag","embeddable":true,"href":"https:\/\/www.europesays.com\/fr\/wp-json\/wp\/v2\/tags?post=589633"}],"curies":[{"name":"wp","href":"https:\/\/api.w.org\/{rel}","templated":true}]}}