{"id":589637,"date":"2025-12-10T01:25:29","date_gmt":"2025-12-10T01:25:29","guid":{"rendered":"https:\/\/www.europesays.com\/fr\/589637\/"},"modified":"2025-12-10T01:25:29","modified_gmt":"2025-12-10T01:25:29","slug":"en-france-lassemblee-nationale-adopte-le-budget-de-la-securite-sociale-une-victoire-cruciale-pour-sebastien-lecornu","status":"publish","type":"post","link":"https:\/\/www.europesays.com\/fr\/589637\/","title":{"rendered":"En France, l\u2019Assembl\u00e9e nationale adopte le budget de la S\u00e9curit\u00e9 sociale, une victoire cruciale pour S\u00e9bastien Lecornu"},"content":{"rendered":"<p>Les d\u00e9put\u00e9s ont adopt\u00e9 de peu mardi le projet de budget de la S\u00e9curit\u00e9 sociale pour 2026, une victoire cruciale pour le premier ministre S\u00e9bastien Lecornu, qui gagne son pari dans une Assembl\u00e9e sans majorit\u00e9 et sans avoir utilis\u00e9 le 49.3.<\/p>\n<p>La chambre basse a adopt\u00e9 le projet de loi, qui contient la suspension de l\u2019embl\u00e9matique r\u00e9forme des retraites, par 247 voix contre 234. Apr\u00e8s un dernier passage au S\u00e9nat, vendredi, il devra revenir \u00e0 l\u2019Assembl\u00e9e pour un ultime feu vert.<\/p>\n<p>Apr\u00e8s le vote, S\u00e9bastien Lecornu a salu\u00e9 une \u00abmajorit\u00e9 de responsabilit\u00e9\u00bb qui a permis l\u2019adoption du texte, et des d\u00e9put\u00e9s exer\u00e7ant de \u00abmani\u00e8re nouvelle leur r\u00f4le de l\u00e9gislateur\u00bb, en l\u2019absence de 49.3, retir\u00e9 de l\u2019\u00e9quation en \u00e9change d\u2019une non-censure des socialistes. \u00abCette victoire\u00bb est \u00abd\u2019abord celle du Parlement\u00bb, a abond\u00e9 le patron du PS Olivier Faure, l\u2019autre responsable politique qui aurait \u00e9t\u00e9 particuli\u00e8rement impact\u00e9 par un \u00e9chec.<\/p>\n<p>Lire aussi: <a href=\"https:\/\/www.letemps.ch\/articles\/cette-csg-qui-tend-le-debat-budgetaire-francais-apres-les-retraites-et-la-taxe-zucman\" target=\"_blank\" rel=\"noopener\">Cette CSG qui tend le d\u00e9bat budg\u00e9taire fran\u00e7ais apr\u00e8s les retraites et la taxe Zucman<\/a>  <\/p>\n<p>Macronistes et PS pour, la droite divis\u00e9e<\/p>\n<p>L\u2019issue du vote \u00e9tait particuli\u00e8rement incertaine du fait du refus affich\u00e9 par les dirigeants des R\u00e9publicains et d\u2019Horizons de soutenir le texte. Et malgr\u00e9 les critiques acerbes du patron du parti Bruno Retailleau, 18 d\u00e9put\u00e9s LR ont vot\u00e9 pour le texte (3 contre, 28 abstentions).<\/p>\n<p>Le patron des d\u00e9put\u00e9s LR Laurent Wauquiez, a lui invoqu\u00e9 des victoires sur des r\u00e9ductions de hausse d\u2019imp\u00f4t, la d\u00e9fiscalisation des heures suppl\u00e9mentaires, ou l\u2019indexation totale des retraites. Et peu avant le scrutin, le gouvernement a renonc\u00e9 sous pression de LR \u00e0 une mesure visant \u00e0 encadrer des profits sup\u00e9rieurs \u00e0 la moyenne dans certains secteurs comme la radiologie.<\/p>\n<p>\u00abCe budget n\u2019est pas \u00e0 la hauteur des enjeux qui se dressent devant nous\u00bb, a estim\u00e9 le chef du groupe Horizons Paul Christophe. Neuf d\u00e9put\u00e9s de son groupe ont toutefois vot\u00e9 pour (25 abstentions).<\/p>\n<p>Au bilan, le projet de loi a \u00e9t\u00e9 soutenu tr\u00e8s largement par Renaissance et le MoDem (unanimement pour), le PS (63 pour, 6 abstentions) et les ind\u00e9pendants de Liot (20 pour, deux abstentions).<\/p>\n<p>Le gouvernement a aussi multipli\u00e9 les gestes ces derniers jours pour obtenir la cl\u00e9mence des \u00e9cologistes. Un amendement augmentant l\u2019objectif des d\u00e9penses de l\u2019assurance maladie (Ondam) d\u2019environ 3% au lieu de 2% a ainsi \u00e9t\u00e9 adopt\u00e9 mardi, essentiellement pour acter le renoncement \u00e0 l\u2019augmentation des franchises m\u00e9dicales (reste \u00e0 charge d\u00fb par les patients, par exemple sur les m\u00e9dicaments). Estimant avoir d\u00e9croch\u00e9 des investissements pour un fonctionnement \u00ab\u00e0 niveau constant\u00bb des h\u00f4pitaux et de la m\u00e9decine de ville, les \u00e9cologistes se sont majoritairement abstenus (26 abstentions, 3 pour, 9 contre).<\/p>\n<p>Une chronique: <a href=\"https:\/\/www.letemps.ch\/articles\/une-seule-voix-pour-le-budget-quand-la-france-apprend-laborieusement-le-compromis\" target=\"_blank\" rel=\"noopener\">Une seule voix pour le budget: quand la France apprend laborieusement le compromis<\/a>  <\/p>\n<p>\u00abChangement d\u2019alliance\u00bb<\/p>\n<p>A contrario l\u2019alliance RN-UDR et les Insoumis ont \u00e9t\u00e9 unanimes dans leur opposition. Mathilde Panot, cheffe du groupe LFI, d\u00e9non\u00e7ant un \u00abchangement d\u2019alliance\u00bb des socialistes, et appelant les \u00e9cologistes \u00e0 renverser leur position d\u2019ici le vote d\u00e9finitif. Celui-ci pourrait avoir lieu \u00abla semaine prochaine\u00bb, selon le patron du groupe MoDem Marc Fesneau.<\/p>\n<p>Nomm\u00e9 il y a trois mois \u00e0 Matignon, S\u00e9bastien Lecornu sort provisoirement renforc\u00e9 de ce scrutin \u00e0 haut risque. Alors que la question de son d\u00e9part aurait immanquablement \u00e9t\u00e9 pos\u00e9e par un rejet, sa m\u00e9thode des \u00abpetits pas\u00bb, \u00e9laborant des compromis au jour le jour pour passer les obstacles un par un, s\u2019est finalement montr\u00e9e payante.<\/p>\n<p>Pour l\u2019Assembl\u00e9e, qui fonctionne sans majorit\u00e9 absolue depuis 2022, il s\u2019agit aussi d\u2019une \u00e9tape dont beaucoup doutaient qu\u2019elle puisse \u00eatre franchie, alors que l\u2019examen s\u2019est fait dans des d\u00e9lais contraints et un h\u00e9micycle ultra-fragment\u00e9.<\/p>\n<p>Si le texte est d\u00e9finitivement adopt\u00e9, le d\u00e9ficit de la S\u00e9curit\u00e9 sociale pr\u00e9vu l\u2019ann\u00e9e prochaine est estim\u00e9 \u00e0 19,4\u00a0milliards d\u2019euros, a d\u00e9clar\u00e9 la ministre des Comptes publics Am\u00e9lie de Montchalin (contre 23\u00a0milliards en 2025). Mais au prix de transferts de 4,5\u00a0milliards d\u2019euros des caisses de l\u2019Etat vers celles de la S\u00e9cu, au grand dam notamment d\u2019Horizons.<\/p>\n<p>Au-del\u00e0 de la S\u00e9curit\u00e9 sociale, qui c\u00e9l\u00e8bre ses 80\u00a0ans, l\u2019enjeu porte aussi sur toute la s\u00e9quence budg\u00e9taire. Au gouvernement, on consid\u00e8re que l\u2019adoption du budget de la S\u00e9cu pourrait entra\u00eener une dynamique positive pour celui de l\u2019Etat, actuellement au S\u00e9nat et sensiblement plus difficile \u00e0 faire adopter, en l\u2019absence d\u2019une mesure aussi forte que la suspension de la r\u00e9forme des retraites.<\/p>\n<p>\u00abCe sera difficile\u00bb, a d\u2019ailleurs reconnu mardi S\u00e9bastien Lecornu. \u00abNous en sommes tr\u00e8s, tr\u00e8s loin\u00bb a soulign\u00e9 Olivier Faure, appelant le gouvernement \u00e0 avoir \u00abla m\u00eame approche\u00bb que sur le budget de la S\u00e9cu.<\/p>\n","protected":false},"excerpt":{"rendered":"Les d\u00e9put\u00e9s ont adopt\u00e9 de peu mardi le projet de budget de la S\u00e9curit\u00e9 sociale pour 2026, une&hellip;\n","protected":false},"author":2,"featured_media":589638,"comment_status":"","ping_status":"","sticky":false,"template":"","format":"standard","meta":{"footnotes":""},"categories":[4],"tags":[11,1011,27,4438,74,12,25],"class_list":{"0":"post-589637","1":"post","2":"type-post","3":"status-publish","4":"format-standard","5":"has-post-thumbnail","7":"category-france","8":"tag-actualites","9":"tag-fr","10":"tag-france","11":"tag-free","12":"tag-monde","13":"tag-news","14":"tag-republique-francaise"},"share_on_mastodon":{"url":"https:\/\/pubeurope.com\/@fr\/115692668418476486","error":""},"_links":{"self":[{"href":"https:\/\/www.europesays.com\/fr\/wp-json\/wp\/v2\/posts\/589637","targetHints":{"allow":["GET"]}}],"collection":[{"href":"https:\/\/www.europesays.com\/fr\/wp-json\/wp\/v2\/posts"}],"about":[{"href":"https:\/\/www.europesays.com\/fr\/wp-json\/wp\/v2\/types\/post"}],"author":[{"embeddable":true,"href":"https:\/\/www.europesays.com\/fr\/wp-json\/wp\/v2\/users\/2"}],"replies":[{"embeddable":true,"href":"https:\/\/www.europesays.com\/fr\/wp-json\/wp\/v2\/comments?post=589637"}],"version-history":[{"count":0,"href":"https:\/\/www.europesays.com\/fr\/wp-json\/wp\/v2\/posts\/589637\/revisions"}],"wp:featuredmedia":[{"embeddable":true,"href":"https:\/\/www.europesays.com\/fr\/wp-json\/wp\/v2\/media\/589638"}],"wp:attachment":[{"href":"https:\/\/www.europesays.com\/fr\/wp-json\/wp\/v2\/media?parent=589637"}],"wp:term":[{"taxonomy":"category","embeddable":true,"href":"https:\/\/www.europesays.com\/fr\/wp-json\/wp\/v2\/categories?post=589637"},{"taxonomy":"post_tag","embeddable":true,"href":"https:\/\/www.europesays.com\/fr\/wp-json\/wp\/v2\/tags?post=589637"}],"curies":[{"name":"wp","href":"https:\/\/api.w.org\/{rel}","templated":true}]}}