{"id":589639,"date":"2025-12-10T01:28:17","date_gmt":"2025-12-10T01:28:17","guid":{"rendered":"https:\/\/www.europesays.com\/fr\/589639\/"},"modified":"2025-12-10T01:28:17","modified_gmt":"2025-12-10T01:28:17","slug":"deux-joueurs-se-sont-fait-operer-ce-lundi-et-vont-etre-longuement-absents","status":"publish","type":"post","link":"https:\/\/www.europesays.com\/fr\/589639\/","title":{"rendered":"deux joueurs se sont fait op\u00e9rer ce lundi et vont \u00eatre longuement absents"},"content":{"rendered":"<p>Un lundi studieux pour les cliniques toulousaines. 24 heures apr\u00e8s le large succ\u00e8s du Stade Toulousain face aux Sharks en ouverture de la Champions Cup, deux joueurs ont v\u00e9cu une journ\u00e9e bien moins r\u00e9jouissante. Comme le rapporte <a href=\"https:\/\/www.rugbyrama.fr\/2025\/12\/09\/investec-champions-cup-toulouse-romain-ntamack-de-retour-santiago-chocobares-et-pierre-louis-barassi-dans-lattente-avant-le-deplacement-a-glasgow-13100339.php\" target=\"_blank\" rel=\"noopener\">Rugbyrama<\/a>, Juan Cruz Mallia et Matias Remue se sont fait op\u00e9rer ce lundi apr\u00e8s leurs blessures respectives.<\/p>\n<p>Fin de saisno pour Mallia, Remue de retour dans 3 mois<\/p>\n<p>L\u2019Argentin, pilier d\u2019Ugo Mola, a vu sa saison prendre fin apr\u00e8s un plaquage \u00e0 retardement de Tom Curry lors du choc face \u00e0 l\u2019Angleterre. Victime d\u2019une rupture des ligaments crois\u00e9s, le g\u00e9nial ouvreur, ailier ou arri\u00e8re manquera de nombreux mois de comp\u00e9titions et ne reviendra que la saison prochaine.<\/p>\n<p>De son c\u00f4t\u00e9, le jeune belge voit son ascension stopp\u00e9e apr\u00e8s un match plein face au Racing. Victime d\u2019une fracture du poignet, il devra passer trois mois \u00e0 l\u2019infirmerie, ce qui <a href=\"https:\/\/www.quinzemondial.com\/top-14\/stade-toulousain-avec-les-blessures-de-mallia-et-dun-jeune-talent-inquietude-pour-les-doublons-821098\" target=\"_blank\" rel=\"noopener\">handicapera son club pendant les doublons<\/a>, o\u00f9 sa polyvalence \u00e0 l\u2019ouverture et \u00e0 l\u2019arri\u00e8re aurait \u00e9t\u00e9 pr\u00e9cieuse. Place d\u00e9sormais \u00e0 la r\u00e9\u00e9ducation avant d\u2019esp\u00e9rer les revoir sur les terrains.<\/p>\n<p>Partagez cette info avec vos amis et vos proches en cliquant ici<br \/>Pour r\u00e9sumer<\/p>\n<p>Apr\u00e8s leurs blessures survenues lors des deux derni\u00e8res semaines, Juan Cruz Mallia et Matias Remue se sont fait op\u00e9rer ce lundi comme le rapporte Rugbyrama. L\u2019Argentin ne reviendra que la saison prochaine quand le Belge sera absent trois mois.<\/p>\n<p> <img decoding=\"async\" width=\"76\" height=\"76\" loading=\"lazy\" src=\"https:\/\/www.europesays.com\/fr\/wp-content\/uploads\/2025\/04\/avatar-quinze.png\" alt=\"Arnaud D\u00e9chelotte\"\/><\/p>\n","protected":false},"excerpt":{"rendered":"Un lundi studieux pour les cliniques toulousaines. 24 heures apr\u00e8s le large succ\u00e8s du Stade Toulousain face aux&hellip;\n","protected":false},"author":2,"featured_media":589640,"comment_status":"","ping_status":"","sticky":false,"template":"","format":"standard","meta":{"footnotes":""},"categories":[1416],"tags":[3460,1011,27,479,1468,60,476],"class_list":{"0":"post-589639","1":"post","2":"type-post","3":"status-publish","4":"format-standard","5":"has-post-thumbnail","7":"category-rugby","8":"tag-champions-cup","9":"tag-fr","10":"tag-france","11":"tag-rugby","12":"tag-rugby-football","13":"tag-sports","14":"tag-stade-toulousain"},"share_on_mastodon":{"url":"https:\/\/pubeurope.com\/@fr\/115692681539738014","error":""},"_links":{"self":[{"href":"https:\/\/www.europesays.com\/fr\/wp-json\/wp\/v2\/posts\/589639","targetHints":{"allow":["GET"]}}],"collection":[{"href":"https:\/\/www.europesays.com\/fr\/wp-json\/wp\/v2\/posts"}],"about":[{"href":"https:\/\/www.europesays.com\/fr\/wp-json\/wp\/v2\/types\/post"}],"author":[{"embeddable":true,"href":"https:\/\/www.europesays.com\/fr\/wp-json\/wp\/v2\/users\/2"}],"replies":[{"embeddable":true,"href":"https:\/\/www.europesays.com\/fr\/wp-json\/wp\/v2\/comments?post=589639"}],"version-history":[{"count":0,"href":"https:\/\/www.europesays.com\/fr\/wp-json\/wp\/v2\/posts\/589639\/revisions"}],"wp:featuredmedia":[{"embeddable":true,"href":"https:\/\/www.europesays.com\/fr\/wp-json\/wp\/v2\/media\/589640"}],"wp:attachment":[{"href":"https:\/\/www.europesays.com\/fr\/wp-json\/wp\/v2\/media?parent=589639"}],"wp:term":[{"taxonomy":"category","embeddable":true,"href":"https:\/\/www.europesays.com\/fr\/wp-json\/wp\/v2\/categories?post=589639"},{"taxonomy":"post_tag","embeddable":true,"href":"https:\/\/www.europesays.com\/fr\/wp-json\/wp\/v2\/tags?post=589639"}],"curies":[{"name":"wp","href":"https:\/\/api.w.org\/{rel}","templated":true}]}}