{"id":589642,"date":"2025-12-10T01:33:41","date_gmt":"2025-12-10T01:33:41","guid":{"rendered":"https:\/\/www.europesays.com\/fr\/589642\/"},"modified":"2025-12-10T01:33:41","modified_gmt":"2025-12-10T01:33:41","slug":"ces-deux-jeunes-ont-rallie-rome-depuis-saint-brieuc-en-stop-et-sans-argent","status":"publish","type":"post","link":"https:\/\/www.europesays.com\/fr\/589642\/","title":{"rendered":"Ces deux jeunes ont ralli\u00e9 Rome depuis Saint-Brieuc, en stop et sans argent"},"content":{"rendered":"<p>Ils l\u2019ont fait. Lundi soir, Maxime Amghar et Augustin Bougeard, 21 ans, ont atteint Rome apr\u00e8s treize jours de voyage depuis Saint-Brieuc\u2026 en stop et sans argent. Une id\u00e9e un peu folle qui a m\u00fbri un certain temps dans l\u2019esprit voyageur de Maxime, avant qu\u2019il ne la r\u00e9alise. \u00ab\u00a0J\u2019avais envie d\u2019aller voir une mer de nuages et il se trouve qu\u2019il y en a beaucoup \u00e0 Grenoble\u00a0\u00bb, expose-t-il. Alors, le 22 novembre, il en parle \u00e0 son ami Augustin, tout juste d\u00e9barqu\u00e9 de Budapest, qui accepte de l\u2019accompagner, sans h\u00e9siter. Ils d\u00e9cident m\u00eame de pousser l\u2019exp\u00e9rience un peu plus loin, et d\u2019aller jusqu\u2019\u00e0 Rome. Le temps de pr\u00e9parer leurs affaires &#8211; des sacs \u00e0 dos avec de quoi dormir et s\u2019habiller chaudement, les voil\u00e0 qui l\u00e8vent les pouces en bord de route, quatre jours plus tard, dans la cit\u00e9 gentille. \u00ab\u00a0On est vraiment partis sur un coup de t\u00eate.\u00a0\u00bb<\/p>\n<p>\u00ab\u00a0Tenter une nouvelle exp\u00e9rience\u00a0\u00bb<\/p>\n<p>Objectif, donc, parcourir 1\u00a0800 kilom\u00e8tres, les poches vides et en faisant confiance aux automobilistes pour les avancer. Mais que diable allaient-ils faire dans cette gal\u00e8re\u00a0? \u00ab\u00a0On partage cette envie d\u2019aventure et on voulait tenter une nouvelle exp\u00e9rience, de vie et de partage\u00a0\u00bb, explique Maxime. \u00ab\u00a0Se faire kiffer, aussi, se d\u00e9brouiller\u00a0\u00bb, compl\u00e8te Augustin. Leur p\u00e9riple, qu\u2019ils diffusent sur les r\u00e9seaux sociaux, en a d\u00e9j\u00e0 inspir\u00e9 d\u2019autres. \u00ab\u00a0On re\u00e7oit pas mal de messages. Et sur notre premi\u00e8re vid\u00e9o, on a m\u00eame atteint les 180\u00a0000 vues\u00a0\u00bb, se f\u00e9licite le duo, presque \u00e9tonn\u00e9s d\u2019un tel succ\u00e8s.<\/p>\n<p>Plus facile de faire du stop en France<\/p>\n<p>Angers, Grenoble, Chamrousse, Valfr\u00e9jus, puis Turin, Tortone, Pise, Florence et enfin, Rome. En France, l\u2019auto-stop fonctionne plut\u00f4t bien. En Italie, par contre, c\u2019est gal\u00e8re. \u00ab\u00a0Quasiment personne ne s\u2019arr\u00eate. Donc on a d\u00fb aborder des gens dans des stations-service\u00a0\u00bb. Mais pour cela, il faut les atteindre. \u00ab\u00a0Avant G\u00eanes, on a d\u00fb, comme \u00e7a, marcher pendant 4 heures 30\u00a0\u00bb, retrace le bin\u00f4me. Il leur faut aussi trouver o\u00f9 dormir, chez l\u2019habitant de pr\u00e9f\u00e9rence, dans des stations essence par d\u00e9pit, et \u00e0 manger. Sur ce point, si dans l\u2019Hexagone, les aventuriers ont eu du mal \u00e0 se faire payer un sandwich, ils ont \u00e9t\u00e9 agr\u00e9ablement surpris de la g\u00e9n\u00e9rosit\u00e9 des Italiens. Seul hic dans la P\u00e9ninsule, la barri\u00e8re de la langue. Le bin\u00f4me a d\u00fb d\u00e9velopper une strat\u00e9gie\u00a0: il aborde les Transalpins avec une phrase apprise par c\u0153ur, et un texte pr\u00e9-\u00e9crit expliquant leur d\u00e9marche. La d\u00e9brouille, la vraie.<\/p>\n<p>Une nuit dans l\u2019un des plus vieux monast\u00e8res de Florence<\/p>\n<p>S\u2019ils ne devaient retenir qu\u2019un moment de leur p\u00e9riple\u00a0? \u00c0 Florence, ils ont dormi dans un monast\u00e8re, l\u2019un des plus vieux ensembles religieux de la cit\u00e9. Tout cela gr\u00e2ce \u00e0 leur rencontre avec un pr\u00eatre\u2026 normand. \u00ab\u00a0Alors que la veille, on f\u00eatait l\u2019anniversaire de Maxime, dans une bo\u00eete de nuit\u00a0\u00bb, raconte Augustin. C\u2019est d\u2019ailleurs la seule fois o\u00f9 ils n\u2019ont pas respect\u00e9 leur r\u00e8gle de ne pas d\u00e9penser un seul centime. Un petit b\u00e9mol, tout de m\u00eame. Leur agression, gare de Rome, \u00e0 leur arriv\u00e9e. Deux individus ont essay\u00e9 de leur faire les poches, mais les Bretons ont pris la fuite.<\/p>\n<p>Du reste, leur exp\u00e9dition touche \u00e0 sa fin. Ce jeudi 11 d\u00e9cembre, ils prendront l\u2019avion vers la Bretagne. Et d\u2019ici l\u00e0\u00a0? \u00ab\u00a0On continue \u00e0 chercher o\u00f9 dormir, et \u00e0 se faire payer \u00e0 manger. D\u2019ailleurs, on n\u2019a pas encore trouv\u00e9 pour ce soir.\u00a0\u00bb Si jamais un Romain lit cet article\u2026<\/p>\n<p>Pratique<\/p>\n","protected":false},"excerpt":{"rendered":"Ils l\u2019ont fait. Lundi soir, Maxime Amghar et Augustin Bougeard, 21 ans, ont atteint Rome apr\u00e8s treize jours&hellip;\n","protected":false},"author":2,"featured_media":589643,"comment_status":"","ping_status":"","sticky":false,"template":"","format":"standard","meta":{"footnotes":""},"categories":[1411],"tags":[2171,1154,207,765,1011,27,4075,4937,60],"class_list":{"0":"post-589642","1":"post","2":"type-post","3":"status-publish","4":"format-standard","5":"has-post-thumbnail","7":"category-cyclisme","8":"tag-cotes-darmor","9":"tag-cycling","10":"tag-cyclisme","11":"tag-en-continu","12":"tag-fr","13":"tag-france","14":"tag-jeunesse","15":"tag-saint-brieuc","16":"tag-sports"},"share_on_mastodon":{"url":"https:\/\/pubeurope.com\/@fr\/115692699977042333","error":""},"_links":{"self":[{"href":"https:\/\/www.europesays.com\/fr\/wp-json\/wp\/v2\/posts\/589642","targetHints":{"allow":["GET"]}}],"collection":[{"href":"https:\/\/www.europesays.com\/fr\/wp-json\/wp\/v2\/posts"}],"about":[{"href":"https:\/\/www.europesays.com\/fr\/wp-json\/wp\/v2\/types\/post"}],"author":[{"embeddable":true,"href":"https:\/\/www.europesays.com\/fr\/wp-json\/wp\/v2\/users\/2"}],"replies":[{"embeddable":true,"href":"https:\/\/www.europesays.com\/fr\/wp-json\/wp\/v2\/comments?post=589642"}],"version-history":[{"count":0,"href":"https:\/\/www.europesays.com\/fr\/wp-json\/wp\/v2\/posts\/589642\/revisions"}],"wp:featuredmedia":[{"embeddable":true,"href":"https:\/\/www.europesays.com\/fr\/wp-json\/wp\/v2\/media\/589643"}],"wp:attachment":[{"href":"https:\/\/www.europesays.com\/fr\/wp-json\/wp\/v2\/media?parent=589642"}],"wp:term":[{"taxonomy":"category","embeddable":true,"href":"https:\/\/www.europesays.com\/fr\/wp-json\/wp\/v2\/categories?post=589642"},{"taxonomy":"post_tag","embeddable":true,"href":"https:\/\/www.europesays.com\/fr\/wp-json\/wp\/v2\/tags?post=589642"}],"curies":[{"name":"wp","href":"https:\/\/api.w.org\/{rel}","templated":true}]}}