{"id":589647,"date":"2025-12-10T01:36:20","date_gmt":"2025-12-10T01:36:20","guid":{"rendered":"https:\/\/www.europesays.com\/fr\/589647\/"},"modified":"2025-12-10T01:36:20","modified_gmt":"2025-12-10T01:36:20","slug":"ancien-banquier-dimitri-sepanouit-dans-le-design-et-la-photo-pres-de-nantes","status":"publish","type":"post","link":"https:\/\/www.europesays.com\/fr\/589647\/","title":{"rendered":"Ancien banquier, Dimitri s&rsquo;\u00e9panouit dans le design et la photo pr\u00e8s de Nantes"},"content":{"rendered":"<p>                    Par<br \/>\n        <strong><br \/>\n            <a href=\"https:\/\/actu.fr\/auteur\/vincent-malboeuf\" title=\"Consulter tous les articles de Vincent Malb\u0153uf\" target=\"_blank\" rel=\"noopener\">Vincent Malb\u0153uf<\/a><br \/>\n                    <\/strong><\/p>\n<p>        Publi\u00e9 le<\/p>\n<p>            9 d\u00e9c. 2025 \u00e0 12h24        <\/p>\n<p>Un virage \u00e0 360 \u00b0C. <b>Dimitri Desrues <\/b>est pass\u00e9 du m\u00e9tier de conseiller bancaire \u00e0 celui de designer graphique et photographe.<\/p>\n<p class=\" wall-content\">L\u2019homme de 42 ans, habitant <a href=\"https:\/\/actu.fr\/pays-de-la-loire\/saint-julien-de-concelles_44169\" target=\"_blank\" rel=\"noopener\">Saint-Julien-de-Concelles<\/a> (pr\u00e8s de Nantes), exerce cette <b>nouvelle activit\u00e9 professionnelle <\/b>depuis cet \u00e9t\u00e9, tout en offrant d\u2019autres prestations comme la gestion de r\u00e9seaux sociaux (en \u00e9tant notamment community manager) et la cr\u00e9ation de sites Internet.<\/p>\n<p class=\" wall-content\">Chez lui, au village de la Verrie, <b>il a m\u00eame am\u00e9nag\u00e9 un studio photo <\/b>o\u00f9 il re\u00e7oit ses clients.<\/p>\n<blockquote class=\"ac-article-quote wall-content\">\n<p>J\u2019ai ouvert un \u00e9ventail assez large de ce que je sais faire, mais au fil du temps, je me concentrerais sur mes activit\u00e9s principales de designer et photographe. En r\u00e9alit\u00e9, j\u2019ai cr\u00e9\u00e9 mon entreprise il y a trois ans mais sans m\u2019investir \u00e0 fond car je travaillais \u00e0 c\u00f4t\u00e9, en banque. J\u2019avais juste trois-quatre clients, c\u2019est tout.<\/p>\n<p>Dimitri Desrues<\/p><\/blockquote>\n<p>\u00ab\u00a0J\u2019aurais regrett\u00e9 toute ma vie\u2026\u00a0\u00bb<\/p>\n<p class=\" wall-content\">Le voil\u00e0 totalement ind\u00e9pendant et <b>une entreprise \u00e0 faire tourner<\/b>.<\/p>\n<p class=\" wall-content\">\u00ab\u00a0J\u2019ai du mal \u00e0 r\u00e9aliser que c\u2019est mon r\u00eave depuis mes 15 ans. J\u2019aurais regrett\u00e9 toute ma vie de ne pas avoir cr\u00e9\u00e9 ma bo\u00eete comme mon p\u00e8re. Il y a un c\u00f4t\u00e9 symbolique \u00bb, explique ce papa d\u2019une fille.<\/p>\n<p>Vid\u00e9os : en ce moment sur Actu<\/p>\n<p class=\" wall-content\">Pour la partie design, il propose la cr\u00e9ation de logos, flyers, affiches, \u00ab tout ce qui touche l\u2019identit\u00e9 visuelle \u00bb d\u2019une entreprise ou d\u2019un \u00e9v\u00e9nement <b>comme la prochaine soir\u00e9e de la Saint-Sylvestre <\/b>\u00e0 Saint-Julien-de-Concelles.<\/p>\n<p class=\" wall-content\">Pour son activit\u00e9 de photographe, il s\u2019adresse aussi bien aux particuliers qu\u2019aux professionnels.<\/p>\n<p>Votre r\u00e9gion, votre actu !<\/p>\n<p>Recevez chaque jour les infos qui comptent pour vous.<\/p>\n<p>\t<a href=\"https:\/\/actu.fr\/newsletter\" class=\"ac-btn ac-btn--corner ac-btn--medium ac-btn--blue800\" target=\"_blank\" rel=\"noopener\">S&rsquo;incrire<\/a><\/p>\n<p class=\" wall-content\"><b>Son agenda se remplit,<\/b> signe que \u00ab \u00e7a commence \u00e0 bien se d\u00e9velopper \u00bb. \u00ab J\u2019ai deux-trois mariages pour 2026, j\u2019ai r\u00e9alis\u00e9 des shootings photos pour le nouveau restaurant indien au Loroux-Bottereau \u00bb.<\/p>\n<p>Un Macintosh \u00e0 ses 15\u00a0ans<\/p>\n<p class=\" wall-content\">Dimitri Desrues a trouv\u00e9 sa voie <b>qui s\u2019\u00e9tait r\u00e9v\u00e9l\u00e9e tr\u00e8s jeune. <\/b><\/p>\n<p class=\" wall-content\">A ses 15 ans, il avait re\u00e7u en cadeau le premier Macintosh des mains de son grand-p\u00e8re et de son p\u00e8re. \u00ab\u00a0Ils avaient vu que j\u2019avais des capacit\u00e9s en dessin et gr\u00e2ce aux logiciels comme X-Press et Illustrator, je passais mes journ\u00e9es dessus\u00a0\u00bb, raconte-t-il.<\/p>\n<p class=\" wall-content\">Mais son parcours \u00ab atypique \u00bb l\u2019a emmen\u00e9 <b>vers d\u2019autres chemins professionnels.<\/b><\/p>\n<blockquote class=\"ac-article-quote wall-content\">\n<p>J\u2019ai quitt\u00e9 l\u2019\u00e9cole d\u00e8s la Seconde, j\u2019\u00e9tais un vrai mauvais \u00e9l\u00e8ve, plus tourn\u00e9 dans un d\u00e9lire artistique.<\/p>\n<p>Dimitri Desrues<\/p><\/blockquote>\n<p>Reprise de ses \u00e9tudes \u00e0 28 ans<\/p>\n<p class=\" wall-content\">Dimitri, qui a grandi dans la r\u00e9gion de Saint-Nazaire, a cumul\u00e9 \u00ab plein de petits boulots \u00bb. Dans la communication et les transports entre autres.<\/p>\n<p class=\" wall-content\">A 28 ans, <b>il reprend ses \u00e9tudes \u00e0 Nantes en BTS MUC<\/b> (management des unit\u00e9s commerciales) en alternance.<\/p>\n<p class=\" wall-content\">\u00ab Sans dipl\u00f4me, c\u2019est plus compliqu\u00e9. Je voulais trouver quelque chose de stable par la suite, gagner ma vie correctement \u00bb.<\/p>\n<p>Douze ans en banque<\/p>\n<p class=\" wall-content\">Finalement,<b> il se dirige vers la banque<\/b>. Un peu par hasard.<\/p>\n<p class=\" wall-content\">\u00ab Apr\u00e8s avoir eu mon BTS, j\u2019avais revu deux amis d\u2019enfance qui travaillaient au Cr\u00e9dit Agricole. Au culot, j\u2019avais dit que ce serait top de travailler ensemble. C\u2019est comme \u00e7a que j\u2019ai postul\u00e9 \u00bb.<\/p>\n<p class=\" wall-content\">Il y est rest\u00e9 12\u00a0ans, jusqu\u2019en mai dernier.<\/p>\n<blockquote class=\"ac-article-quote wall-content\">\n<p>J\u2019ai aim\u00e9 accompagner les clients. J\u2019ai appris plein de choses au niveau bancaire, mais j\u2019aspirais vraiment \u00e0 lancer pour de bon mon entreprise.<\/p>\n<p>Dimitri Desrues<\/p><\/blockquote>\n<p class=\" wall-content\">Son go\u00fbt et sa passion pour la photo et l\u2019image ont fini par l\u2019emporter.<\/p>\n<p>Site : dimitri-desrues-designer-graphique.fr. Contact : 06 17 26 86 85, <a href=\"https:\/\/actu.fr\/cdn-cgi\/l\/email-protection\" class=\"__cf_email__\" data-cfemail=\"f3979a9e9a87819add97968081869680dd83819cb3949e929a9fdd909c9e\" target=\"_blank\" rel=\"noopener\">[email\u00a0protected]<\/a>.<\/p>\n<p class=\" wall-content\">Personnalisez votre actualit\u00e9 en ajoutant vos villes et m\u00e9dias en favori avec <a href=\"https:\/\/moncompte.actu.fr\" title=\"D\u00e9couvez Mon Actu\" rel=\"nofollow noopener\" data-trk=\"{&quot;cta&quot;:{&quot;action&quot;:&quot;https:\\\/\\\/moncompte.actu.fr&quot;,&quot;category&quot;:&quot;mon compte&quot;,&quot;from&quot;:&quot;article footer&quot;,&quot;name&quot;:&quot;Mon actu&quot;,&quot;type&quot;:&quot;cta&quot;}}\" target=\"_blank\">Mon Actu<\/a>.<\/p>\n","protected":false},"excerpt":{"rendered":"Par Vincent Malb\u0153uf Publi\u00e9 le 9 d\u00e9c. 2025 \u00e0 12h24 Un virage \u00e0 360 \u00b0C. Dimitri Desrues est&hellip;\n","protected":false},"author":2,"featured_media":589648,"comment_status":"","ping_status":"","sticky":false,"template":"","format":"standard","meta":{"footnotes":""},"categories":[1358],"tags":[1348,1384,1385,1386,58,59,1011,27,6046,104,2900],"class_list":{"0":"post-589647","1":"post","2":"type-post","3":"status-publish","4":"format-standard","5":"has-post-thumbnail","7":"category-arts-et-design","8":"tag-arts","9":"tag-arts-and-design","10":"tag-arts-et-design","11":"tag-design","12":"tag-divertissement","13":"tag-entertainment","14":"tag-fr","15":"tag-france","16":"tag-reconversion","17":"tag-societe","18":"tag-vignoble-nantais"},"share_on_mastodon":{"url":"https:\/\/pubeurope.com\/@fr\/115692711641207948","error":""},"_links":{"self":[{"href":"https:\/\/www.europesays.com\/fr\/wp-json\/wp\/v2\/posts\/589647","targetHints":{"allow":["GET"]}}],"collection":[{"href":"https:\/\/www.europesays.com\/fr\/wp-json\/wp\/v2\/posts"}],"about":[{"href":"https:\/\/www.europesays.com\/fr\/wp-json\/wp\/v2\/types\/post"}],"author":[{"embeddable":true,"href":"https:\/\/www.europesays.com\/fr\/wp-json\/wp\/v2\/users\/2"}],"replies":[{"embeddable":true,"href":"https:\/\/www.europesays.com\/fr\/wp-json\/wp\/v2\/comments?post=589647"}],"version-history":[{"count":0,"href":"https:\/\/www.europesays.com\/fr\/wp-json\/wp\/v2\/posts\/589647\/revisions"}],"wp:featuredmedia":[{"embeddable":true,"href":"https:\/\/www.europesays.com\/fr\/wp-json\/wp\/v2\/media\/589648"}],"wp:attachment":[{"href":"https:\/\/www.europesays.com\/fr\/wp-json\/wp\/v2\/media?parent=589647"}],"wp:term":[{"taxonomy":"category","embeddable":true,"href":"https:\/\/www.europesays.com\/fr\/wp-json\/wp\/v2\/categories?post=589647"},{"taxonomy":"post_tag","embeddable":true,"href":"https:\/\/www.europesays.com\/fr\/wp-json\/wp\/v2\/tags?post=589647"}],"curies":[{"name":"wp","href":"https:\/\/api.w.org\/{rel}","templated":true}]}}