{"id":589649,"date":"2025-12-10T01:39:57","date_gmt":"2025-12-10T01:39:57","guid":{"rendered":"https:\/\/www.europesays.com\/fr\/589649\/"},"modified":"2025-12-10T01:39:57","modified_gmt":"2025-12-10T01:39:57","slug":"on-a-une-serie-daccidents-michael-goldman-star-academy-deplore-le-niveau-des-eleves-apres-des-evaluations-ratees","status":"publish","type":"post","link":"https:\/\/www.europesays.com\/fr\/589649\/","title":{"rendered":"\u00ab\u00a0On a une s\u00e9rie d&rsquo;accidents\u00a0\u00bb : Michael Goldman (Star Academy) d\u00e9plore le niveau des \u00e9l\u00e8ves apr\u00e8s des \u00e9valuations rat\u00e9es"},"content":{"rendered":"<p>Depuis ce lundi 8 d\u00e9cembre, les \u00e9l\u00e8ves de la Star Academy se sont lanc\u00e9s dans un marathon d&rsquo;\u00e9valuations pour esp\u00e9rer gagner une place suppl\u00e9mentaire sur la tourn\u00e9e. L&rsquo;\u00e9preuve de danse n&rsquo;a pas port\u00e9 chance aux \u00e9l\u00e8ves, ce qui a agac\u00e9 Michael Goldman. <\/p>\n<p>C&rsquo;est une semaine cruciale qui a d\u00e9marr\u00e9 \u00e0 la Star Academy. A l&rsquo;issue du prime de ce samedi 13 d\u00e9cembre, on conna\u00eetra l&rsquo;affiche de la tourn\u00e9e de cette treizi\u00e8me saison. Deux \u00e9l\u00e8ves sont d\u00e9j\u00e0 assur\u00e9es d&rsquo;y participer : <a href=\"https:\/\/www.programme-tv.net\/news\/tv\/393566-star-academy-sarah-a-t-elle-battu-bastiaan-avec-son-tableau-chante-danse-et-obtenu-sa-place-pour-la-tournee\/\" data-api-deeplink=\"teleloisirs:\/\/news\/393566\" target=\"_blank\" rel=\"noopener\">Sarah, qui a emport\u00e9 le tableau chant\u00e9\/dans\u00e9 apr\u00e8s \u00eatre arriv\u00e9e ex-aequo avec Bastiaan<\/a> et <a href=\"https:\/\/www.programme-tv.net\/news\/tv\/393563-star-academy-2025-qui-a-remporte-la-battle-ce-vendredi-5-decembre-et-a-decroche-l-immunite-au-prochain-prime\/\" data-api-deeplink=\"teleloisirs:\/\/news\/393563\" target=\"_blank\" rel=\"noopener\">Ambre, qui a gagn\u00e9 la battle du top 3<\/a>. Les sept autres ont d\u00fb se lancer dans un marathon d&rsquo;\u00e9valuations pour d\u00e9crocher une troisi\u00e8me place sur la tourn\u00e9e, sans avoir \u00e0 \u00eatre soumis aux votes des t\u00e9l\u00e9spectateurs. Pour ces diff\u00e9rentes \u00e9preuves en th\u00e9\u00e2tre, en danse et en chant, les candidats sont pass\u00e9s devant le professeur de la mati\u00e8re, mais aussi un invit\u00e9 sp\u00e9cial. <a href=\"https:\/\/www.programme-tv.net\/news\/tv\/393659-ne-le-prenez-pas-comme-vous-semblez-le-prendre-manu-payet-a-la-star-academy-sa-mise-en-garde-aux-eleves\/\" data-api-deeplink=\"teleloisirs:\/\/news\/393659\" target=\"_blank\" rel=\"noopener\">Manu Payet a ainsi assist\u00e9 \u00e0 l&rsquo;\u00e9valuation avec Papy<\/a>, tandis que<a href=\"https:\/\/www.programme-tv.net\/news\/tv\/393693-michael-goldman-ne-doit-pas-le-voir-malika-benjelloun-star-academy-2025-de-retour-pour-les-evaluations-fait-une-demande-particuliere-aux-eleves\/\" data-api-deeplink=\"teleloisirs:\/\/news\/393693\" target=\"_blank\" rel=\"noopener\"> Malika Benjelloun a fait son retour au ch\u00e2teau pour \u00e9valuer les prestations en danse des acad\u00e9miciens<\/a>.<\/p>\n<p><a href=\"https:\/\/www.programme-tv.net\/news\/tv\/393726-les-progres-sont-la-jonathan-jenvrin-star-academy-tres-fier-de-cette-eleve-apres-son-evaluation-de-danse\/\" data-api-deeplink=\"teleloisirs:\/\/news\/393726\" target=\"_blank\" rel=\"noopener\">Pour L\u00e9a, l&rsquo;\u00e9preuve de danse a \u00e9t\u00e9 une simple formalit\u00e9 et Jonathan Jenvrin a lou\u00e9 ses progr\u00e8s<\/a>. \u00ab\u00a0Tu as tout fait, tu as rempli tous les temps donc franchement, les progr\u00e8s sont l\u00e0, je suis extr\u00eamement content et fier de toi\u00a0\u00bb, s&rsquo;est-il r\u00e9joui. A l&rsquo;inverse pour Victor, Anouk et Jeanne, les choses se sont av\u00e9r\u00e9es beaucoup plus compliqu\u00e9es, provoquant l&rsquo;agacement de Michael Goldman. Jeanne a eu un trou de m\u00e9moire avant m\u00eame de se lancer dans sa chor\u00e9graphie. \u00ab\u00a0N&rsquo;oublie pas que je ne la connais pas la chor\u00e9 !\u00a0\u00bb, lui a rappel\u00e9 le directeur. Avant d&rsquo;insister : \u00ab\u00a0Il va falloir qu&rsquo;on y aille\u00a0\u00bb. La candidate a tent\u00e9 de se d\u00e9fendre apr\u00e8s une prestation d\u00e9cevante, arguant qu&rsquo;elle avait eu \u00ab\u00a0un trou noir\u00a0\u00bb. \u00ab\u00a0Evidemment que la danse, ce n&rsquo;est pas ton domaine de base<b>. Evidemment que tu stresses. Mais l\u00e0 tu nous fais trop subir tes \u00e9tats d&rsquo;\u00e2me sur une audition\u00a0\u00bb<\/b>, l&rsquo;a-t-il recadr\u00e9e. Anouk n&rsquo;a pas brill\u00e9 non plus. Selon elle, c&rsquo;est apr\u00e8s avoir vu les autres paniquer qu&rsquo;elle a oubli\u00e9 la chor\u00e9graphie.<\/p>\n<p>            Michael Goldman (Star Academy) s&rsquo;agace apr\u00e8s des \u00ab\u00a0\u00e9vals accidents\u00a0\u00bb<\/p>\n<p>\u00ab\u00a0L\u00e0 on a une s\u00e9rie d&rsquo;\u00e9val accidents\u00a0\u00bb, a conclu Michael Goldman apr\u00e8s ce petit vent de panique. Finalement, <a href=\"https:\/\/www.programme-tv.net\/news\/tv\/393629-star-academy-2025-michael-goldman-explique-le-deroule-des-prochaines-evaluations-cruciales-pour-se-qualifier-pour-la-tournee\/\" data-api-deeplink=\"teleloisirs:\/\/news\/393629\" target=\"_blank\" rel=\"noopener\">ce sont Jeanne et Anouk, qui ont \u00e9t\u00e9 \u00e9limin\u00e9es \u00e0 l&rsquo;issue de cette \u00e9valuation en danse.<\/a> Il ne reste donc en course que Melissa, Victor, L\u00e9a et Bastiaan pour obtenir une ultime immunit\u00e9 pour le prime et rejoindre la tourn\u00e9e.<\/p>\n","protected":false},"excerpt":{"rendered":"Depuis ce lundi 8 d\u00e9cembre, les \u00e9l\u00e8ves de la Star Academy se sont lanc\u00e9s dans un marathon d&rsquo;\u00e9valuations&hellip;\n","protected":false},"author":2,"featured_media":589650,"comment_status":"","ping_status":"","sticky":false,"template":"","format":"standard","meta":{"footnotes":""},"categories":[1356],"tags":[244,58,59,1011,27,65234,64696,64698,64694,64695,18439,5095,64699,64697,67813,68033,252,199,2175,1364],"class_list":{"0":"post-589649","1":"post","2":"type-post","3":"status-publish","4":"format-standard","5":"has-post-thumbnail","7":"category-television","8":"tag-commentaire","9":"tag-divertissement","10":"tag-entertainment","11":"tag-fr","12":"tag-france","13":"tag-jeanne-star-academy-2025","14":"tag-la-quotidienne-25112022-173000-tf1","15":"tag-la-quotidienne-su00e9rie-52118294","16":"tag-la-quotidienne-1100832954","17":"tag-la-quotidienne-1100860641","18":"tag-michael-goldman","19":"tag-star-academy","20":"tag-star-academy-le-prime-9790195","21":"tag-star-academy-1100807804","22":"tag-star-academy-1101059444","23":"tag-star-academy-1101324617","24":"tag-television","25":"tag-tf1","26":"tag-tl-story","27":"tag-tv"},"share_on_mastodon":{"url":"https:\/\/pubeurope.com\/@fr\/115692727329705139","error":""},"_links":{"self":[{"href":"https:\/\/www.europesays.com\/fr\/wp-json\/wp\/v2\/posts\/589649","targetHints":{"allow":["GET"]}}],"collection":[{"href":"https:\/\/www.europesays.com\/fr\/wp-json\/wp\/v2\/posts"}],"about":[{"href":"https:\/\/www.europesays.com\/fr\/wp-json\/wp\/v2\/types\/post"}],"author":[{"embeddable":true,"href":"https:\/\/www.europesays.com\/fr\/wp-json\/wp\/v2\/users\/2"}],"replies":[{"embeddable":true,"href":"https:\/\/www.europesays.com\/fr\/wp-json\/wp\/v2\/comments?post=589649"}],"version-history":[{"count":0,"href":"https:\/\/www.europesays.com\/fr\/wp-json\/wp\/v2\/posts\/589649\/revisions"}],"wp:featuredmedia":[{"embeddable":true,"href":"https:\/\/www.europesays.com\/fr\/wp-json\/wp\/v2\/media\/589650"}],"wp:attachment":[{"href":"https:\/\/www.europesays.com\/fr\/wp-json\/wp\/v2\/media?parent=589649"}],"wp:term":[{"taxonomy":"category","embeddable":true,"href":"https:\/\/www.europesays.com\/fr\/wp-json\/wp\/v2\/categories?post=589649"},{"taxonomy":"post_tag","embeddable":true,"href":"https:\/\/www.europesays.com\/fr\/wp-json\/wp\/v2\/tags?post=589649"}],"curies":[{"name":"wp","href":"https:\/\/api.w.org\/{rel}","templated":true}]}}