{"id":589657,"date":"2025-12-10T01:44:14","date_gmt":"2025-12-10T01:44:14","guid":{"rendered":"https:\/\/www.europesays.com\/fr\/589657\/"},"modified":"2025-12-10T01:44:14","modified_gmt":"2025-12-10T01:44:14","slug":"le-psg-elimine-de-la-ligue-des-champions-c1-f-j5","status":"publish","type":"post","link":"https:\/\/www.europesays.com\/fr\/589657\/","title":{"rendered":"Le PSG \u00e9limin\u00e9 de la Ligue des champions ! &#8211; C1 (F) &#8211; J5"},"content":{"rendered":"<p>C\u2019est nul et c\u2019est la porte.<\/p>\n<p>Clap de fin pour l\u2019\u00e9quipe f\u00e9minine du Paris Saint-Germain en Ligue des champions. Accroch\u00e9es sur la pelouse du Parc des Princes par les n\u00e9ophytes de Louvain, sensations de cette \u00e9dition 2025-2026, les joueuses de la capitale ont remport\u00e9 leur premier point en cinq journ\u00e9es mais ne peuvent math\u00e9matiquement plus accrocher le Top 12, synonyme de barrages.<\/p>\n<p>Pour cela, les femmes de Paulo C\u00e9sar auraient d\u00fb remporter leurs deux derniers matchs de phase de ligue apr\u00e8s quatre d\u00e9faites d\u2019affil\u00e9e. La marche \u00e9tait encore trop haute ce mardi soir et la derni\u00e8re rencontre face au Benfica (qui compte \u00e9galement un point mais un match en retard) n\u2019aura pour autre but que de sauver l\u2019honneur avant de se concentrer pleinement sur le championnat, dans lequel le PSG pointe \u00e0 seulement trois points du leader lyonnais.<\/p>\n<p>Attention \u00e0 ne pas se faire piquer la couronne de premier club de la capitale par le PFC !<\/p>\n<p>\t\t\t\t\t\t\t\t\t\t<a class=\"lien-connexe\" href=\"https:\/\/www.sofoot.com\/breves\/premiere-ligue-les-parisiennes-detruisent-lolympique-de-marseille-et-se-relance-avant-la-ligue-des-champions\" target=\"_blank\" rel=\"noopener\">Les Parisiennes d\u00e9truisent les Marseillaises<\/a>\t\t\t\t\t<\/p>\n","protected":false},"excerpt":{"rendered":"C\u2019est nul et c\u2019est la porte. Clap de fin pour l\u2019\u00e9quipe f\u00e9minine du Paris Saint-Germain en Ligue des&hellip;\n","protected":false},"author":2,"featured_media":589658,"comment_status":"","ping_status":"","sticky":false,"template":"","format":"standard","meta":{"footnotes":""},"categories":[9],"tags":[47,61,69,65,64,63,1011,27,68,66,62,70,67,60],"class_list":{"0":"post-589657","1":"post","2":"type-post","3":"status-publish","4":"format-standard","5":"has-post-thumbnail","7":"category-sports","8":"tag-actualite","9":"tag-actus-football","10":"tag-bundesliga","11":"tag-championnats-europeens","12":"tag-equipe-de-france","13":"tag-football","14":"tag-fr","15":"tag-france","16":"tag-ligua","17":"tag-ligue-1","18":"tag-news-foot","19":"tag-premier-league","20":"tag-serie-a","21":"tag-sports"},"share_on_mastodon":{"url":"https:\/\/pubeurope.com\/@fr\/115692743230164477","error":""},"_links":{"self":[{"href":"https:\/\/www.europesays.com\/fr\/wp-json\/wp\/v2\/posts\/589657","targetHints":{"allow":["GET"]}}],"collection":[{"href":"https:\/\/www.europesays.com\/fr\/wp-json\/wp\/v2\/posts"}],"about":[{"href":"https:\/\/www.europesays.com\/fr\/wp-json\/wp\/v2\/types\/post"}],"author":[{"embeddable":true,"href":"https:\/\/www.europesays.com\/fr\/wp-json\/wp\/v2\/users\/2"}],"replies":[{"embeddable":true,"href":"https:\/\/www.europesays.com\/fr\/wp-json\/wp\/v2\/comments?post=589657"}],"version-history":[{"count":0,"href":"https:\/\/www.europesays.com\/fr\/wp-json\/wp\/v2\/posts\/589657\/revisions"}],"wp:featuredmedia":[{"embeddable":true,"href":"https:\/\/www.europesays.com\/fr\/wp-json\/wp\/v2\/media\/589658"}],"wp:attachment":[{"href":"https:\/\/www.europesays.com\/fr\/wp-json\/wp\/v2\/media?parent=589657"}],"wp:term":[{"taxonomy":"category","embeddable":true,"href":"https:\/\/www.europesays.com\/fr\/wp-json\/wp\/v2\/categories?post=589657"},{"taxonomy":"post_tag","embeddable":true,"href":"https:\/\/www.europesays.com\/fr\/wp-json\/wp\/v2\/tags?post=589657"}],"curies":[{"name":"wp","href":"https:\/\/api.w.org\/{rel}","templated":true}]}}