{"id":589659,"date":"2025-12-10T01:45:23","date_gmt":"2025-12-10T01:45:23","guid":{"rendered":"https:\/\/www.europesays.com\/fr\/589659\/"},"modified":"2025-12-10T01:45:23","modified_gmt":"2025-12-10T01:45:23","slug":"apres-leurs-propos-polemiques-miss-provence-et-miss-aquitaine-sont-destituees-au-fait-ca-change-quoi-actu-fr","status":"publish","type":"post","link":"https:\/\/www.europesays.com\/fr\/589659\/","title":{"rendered":"Apr\u00e8s leurs propos pol\u00e9miques, Miss Provence et Miss Aquitaine sont destitu\u00e9es : au fait, \u00e7a change quoi ? &#8211; Actu.fr"},"content":{"rendered":"<ol>\n<li><a href=\"https:\/\/news.google.com\/rss\/articles\/CBMi3wFBVV95cUxPeXJLNzVyRmdnVWZSbVlzb3R0aW8wY3NHMHZqZHUwNC1NRjNoMzlYUGdxMXZVQS1wSko5N2hpT0gtU1AweEw5RFFoVjE4NHpBR0lBeVRfUjNuMEVjTGp0Tk5KNVZvd1JCMndIckU2QUotNW1scUpjSGh1OGQwWDFTWXZHZzFHb1BNNzJCdHh3MEN6V09GeVltLWJFd1cxMG1HVjZRUF9NbUpLVlBLRjhIdTdoWUQ2dURTNXhUOWdYY0djVGhreGYxbnhUc3ZzTDE2bTBJT0g2UXRMUjJlUEZn?oc=5\" target=\"_blank\" rel=\"noopener\">Apr\u00e8s leurs propos pol\u00e9miques, Miss Provence et Miss Aquitaine sont destitu\u00e9es : au fait, \u00e7a change quoi ?<\/a>&nbsp;&nbsp;Actu.fr<\/li>\n<li><a href=\"https:\/\/news.google.com\/rss\/articles\/CBMikgJBVV95cUxPN0Vrb1Y5NWp6MVVTT2Z6S09JRmF5TUdKXzIyR2lTTEkwbnBtdGJrZmJZUU1SLU9lUkJ0LS11YlAtTkhsTmxtU0VESHNoUldCMDIyai02S2VYVmVOLWZFdWlXQ2VGNWZ0Q0N6bWVfX0JXM3BTdXI4cjJ0TlV6REZQQXlmelR5b2luVFRtVWptXzRjWmV0T1VMVFdpQkhEUFJ1VTBTX1Atc1JTdGhZY3A4bDBBUUM5WXh5VndYUTc3blhsaWVQYzlHdGlCZ3RacDBzVkF2YkJwUF8tQllCMEdYQjlNYUUwZUtMNGFpNU9qQ2hBSUVzMWNYNW4zbnJCSnlxUkdYa3JTVGJ5SmdxMEF3WjlB?oc=5\" target=\"_blank\" rel=\"noopener\">Miss France 2026 : Miss Provence et Miss Aquitaine ont \u00e9t\u00e9 destitu\u00e9es apr\u00e8s des insultes \u00e0 l\u2019\u00e9gard des demi-finalistes<\/a>&nbsp;&nbsp;Le Monde.fr<\/li>\n<li><a href=\"https:\/\/news.google.com\/rss\/articles\/CBMi2AFBVV95cUxONHBiaVZaZ3NEN2NQbFQ5NE5NcTRselNnblZWdlhWTzVmeENZbFlNRUtPRWJJNVlCVDlLaF9oU29makdXQW9tdzZUWE9RcHpiZkJadFFRUXM2VGpRMk1wNHp0NGJzWVRaLTFJYTh3cENHYWtpSEdOSU5mb3dzWXR5cWFkLVlJeTBFQ2V1QVN0RGhPU0h0NGxmLXVzUmJjZjI4djFOY056T2dqVktydkdyVzRHc2ZyZDVsRFVVVWVSakpHS3ZGRHRwcTZqUThBTlk1QlBRQTdfNjk?oc=5\" target=\"_blank\" rel=\"noopener\">Miss France 2026 : apr\u00e8s la destitution des deux miss, le pr\u00e9sident de la soci\u00e9t\u00e9 r\u00e9agit<\/a>&nbsp;&nbsp;Actualit\u00e9s \u2013 Orange<\/li>\n<li><a href=\"https:\/\/news.google.com\/rss\/articles\/CBMi1AFBVV95cUxOaU1ob25TWHlOYVNLNm9ielVsTERVdGlYOVpBdVc4TlpDNHQwMUpicVlERDI0UGlNekNDYmJsTFo1R0ltQlc1a3NWaG1mM0doZXNYRkNlbEI5OHgzNklpRkVLS2sxc3JfY0gzYzVFUXFTWnVSeDlheTJIc2d6LVk2T3JqTkY4Sms4cjIxdS1NRGJHYmhkQ2JrNUpuT3ZPN0JZUGpzanpwQ082S04zb3M2RkxSVVp1aFVEM2s4cGVxWjFwb0Rwc0F0aFR5d2F1bFdabGsyUQ?oc=5\" target=\"_blank\" rel=\"noopener\">Scandale \u00e0 Miss France : Julie Zitouni destitu\u00e9e de son \u00e9charpe de Miss Provence<\/a>&nbsp;&nbsp;La Provence<\/li>\n<li><a href=\"https:\/\/news.google.com\/rss\/articles\/CBMilAJBVV95cUxPdXh5LVM1VEk4YVdhR29xUEJVc2V5ZndndkJwMkVRdWNoOG1QWDAwOEx1ZUtfNFc2QnJpREZKM2tuZmduLUFnU2JqbXcyX2FvVUV6SnRLVnRzUjJLR1V1aC0td2pqYWYzNlZZZmIyMXBoeks0OGZQcF96a2hwbC1rbnZSRUYxVE1TYmZzZHBsenZqMllsN0tuMlFmMk1MYkdnb2RpZVh4d3VwRTZOdThHZUt5OU9DTENjRkEyU2REQ29sNXlqM2J6bFRjWUV6SzVpNFJUNFd0eFhsLVFLWkFwUFVuRUlISUVUUTJhVENxemdaUGVkREZTMGhrMzF5RFlTYm01T3E1ZklUYUZlSGs1OExUN2M?oc=5\" target=\"_blank\" rel=\"noopener\">\u00ab\u00a0Un sujet qui ne me concerne pas\u00a0\u00bb: Miss France 2026 demande plus de \u00ab\u00a0bienveillance\u00a0\u00bb apr\u00e8s les insultes et la destitution de candidates<\/a>&nbsp;&nbsp;BFM<\/li>\n<\/ol>\n","protected":false},"excerpt":{"rendered":"Apr\u00e8s leurs propos pol\u00e9miques, Miss Provence et Miss Aquitaine sont destitu\u00e9es : au fait, \u00e7a change quoi ?&nbsp;&nbsp;Actu.fr&hellip;\n","protected":false},"author":2,"featured_media":589660,"comment_status":"","ping_status":"","sticky":false,"template":"","format":"standard","meta":{"footnotes":""},"categories":[8],"tags":[58,59,1011,27,1652,3034,938],"class_list":{"0":"post-589659","1":"post","2":"type-post","3":"status-publish","4":"format-standard","5":"has-post-thumbnail","7":"category-divertissement","8":"tag-divertissement","9":"tag-entertainment","10":"tag-fr","11":"tag-france","12":"tag-loisirs-culture","13":"tag-miss-france","14":"tag-reseaux-sociaux"},"share_on_mastodon":{"url":"https:\/\/pubeurope.com\/@fr\/115692747233428946","error":""},"_links":{"self":[{"href":"https:\/\/www.europesays.com\/fr\/wp-json\/wp\/v2\/posts\/589659","targetHints":{"allow":["GET"]}}],"collection":[{"href":"https:\/\/www.europesays.com\/fr\/wp-json\/wp\/v2\/posts"}],"about":[{"href":"https:\/\/www.europesays.com\/fr\/wp-json\/wp\/v2\/types\/post"}],"author":[{"embeddable":true,"href":"https:\/\/www.europesays.com\/fr\/wp-json\/wp\/v2\/users\/2"}],"replies":[{"embeddable":true,"href":"https:\/\/www.europesays.com\/fr\/wp-json\/wp\/v2\/comments?post=589659"}],"version-history":[{"count":0,"href":"https:\/\/www.europesays.com\/fr\/wp-json\/wp\/v2\/posts\/589659\/revisions"}],"wp:featuredmedia":[{"embeddable":true,"href":"https:\/\/www.europesays.com\/fr\/wp-json\/wp\/v2\/media\/589660"}],"wp:attachment":[{"href":"https:\/\/www.europesays.com\/fr\/wp-json\/wp\/v2\/media?parent=589659"}],"wp:term":[{"taxonomy":"category","embeddable":true,"href":"https:\/\/www.europesays.com\/fr\/wp-json\/wp\/v2\/categories?post=589659"},{"taxonomy":"post_tag","embeddable":true,"href":"https:\/\/www.europesays.com\/fr\/wp-json\/wp\/v2\/tags?post=589659"}],"curies":[{"name":"wp","href":"https:\/\/api.w.org\/{rel}","templated":true}]}}