{"id":589661,"date":"2025-12-10T01:46:23","date_gmt":"2025-12-10T01:46:23","guid":{"rendered":"https:\/\/www.europesays.com\/fr\/589661\/"},"modified":"2025-12-10T01:46:23","modified_gmt":"2025-12-10T01:46:23","slug":"vous-trouverez-bien-une-place-sous-le-sapin-pour-ce-lego-zelda-en-promotion","status":"publish","type":"post","link":"https:\/\/www.europesays.com\/fr\/589661\/","title":{"rendered":"Vous trouverez bien une place sous le sapin pour ce Lego Zelda en promotion"},"content":{"rendered":"<p>[Deal du jour] Sorti il y a plus d\u2019un an, le set Lego <strong>The Legend of Zelda <\/strong>fait partie de ces mod\u00e8les qui ne restent jamais longtemps en stock quand ils passent en promo. L\u2019Arbre Mojo est en ce moment propos\u00e9 \u00e0 un excellent prix juste avant No\u00ebl.<\/p>\n<p>Presque tout le monde aime les Lego : c\u2019est relaxant \u00e0 monter, joli \u00e0 exposer, et les plus jeunes y voient un terrain de jeu sans limites. Alors quand <a href=\"https:\/\/www.numerama.com\/pop-culture\/1806012-le-lego-the-legend-of-zelda-est-bien-plus-beau-en-vrai.html\" target=\"_blank\" rel=\"noopener\">l\u2019univers de Zelda s\u2019est invit\u00e9 chez le fabricant danois, le succ\u00e8s \u00e9tait assur\u00e9<\/a>. Ce set inspir\u00e9 de l\u2019Arbre Mojo peut s\u2019exposer fi\u00e8rement sur une \u00e9tag\u00e8re, ou se pr\u00eater aux plus jeunes fans de Link pour qu\u2019ils puissent s\u2019inventer des qu\u00eates dignes des aventures du jeu. Par chance, son prix baisse juste avant No\u00ebl.<\/p>\n<p>Le set The Legend of Zelda, le V\u00e9n\u00e9rable Arbre Mojo 2-en-1, est normalement vendu 299,99 \u20ac sur la boutique de Lego. Il est en ce moment propos\u00e9 sur Amazon <a href=\"https:\/\/shop.numerama.com\/ciem1u5o\" target=\"_blank\" rel=\"noreferrer noopener sponsored nofollow\" data-gtm=\"{&quot;event&quot;:&quot;afficlic&quot;,&quot;nom_marchand&quot;:&quot;amazon_fr&quot;,&quot;nom_produit&quot;:&quot;inconnu&quot;,&quot;categorie_produit&quot;:&quot;inconnu&quot;,&quot;module_produit&quot;:&quot;editolink&quot;,&quot;position_marchand&quot;:0,&quot;texte&quot;:&quot;au-prix-de-254-99-e&quot;,&quot;offer_url&quot;:&quot;https:\/\/shop.numerama.com\/ciem1u5o&quot;,&quot;zone&quot;:&quot;contenu-page&quot;}\">au prix de 254,99 \u20ac.<\/a><\/p>\n<p>C\u2019est quoi, ce set le V\u00e9n\u00e9rable Arbre Mojo ?<\/p>\n<p>Ce set de construction s\u2019adresse aussi bien aux adultes fans de The Legend of Zelda qu\u2019aux plus jeunes qui pourront jouer avec. L\u2019Arbre Mojo en briques peut fi\u00e8rement tr\u00f4ner dans votre int\u00e9rieur et fera sans doute p\u00e2lir d\u2019envie vos proches, si toutefois vous ne poss\u00e9dez pas ces \u00eatres \u00e9tranges appel\u00e9s enfants. Si c\u2019est le cas, il faudra accepter de partager votre pr\u00e9cieux tr\u00e9sor avec eux, pour qu\u2019ils s\u2019inventent des mondes et vous sollicitent pour jouer sur le tapis du salon, au grand dam de vos lombaires.<\/p>\n<p><a href=\"https:\/\/www.numerama.com\/wp-content\/uploads\/2024\/09\/img-1334.jpg\" target=\"_blank\" rel=\"noopener\"><img decoding=\"async\" width=\"1024\" height=\"576\" loading=\"lazy\" alt=\"Lego The Legend of Zelda \/\/ Source : Maxime Claudel pour Numerama\" title=\"Lego The Legend of Zelda \/\/ Source : Maxime Claudel pour Numerama\" class=\"wp-image-1807486 placeholder-default wp-image\" src=\"https:\/\/www.europesays.com\/fr\/wp-content\/uploads\/2025\/12\/img-1334-1024x576.jpg\" \/><\/a>Le Lego The Legend of Zelda. \/\/ Source : Maxime Claudel pour Numerama<\/p>\n<p>Le set inclut l\u2019Arbre Mojo bien s\u00fbr, mais \u00e9galement des \u00e9l\u00e9ments issus des jeux vid\u00e9o, tels que l\u2019Ocarina du temps, le Bouclier Hylien ou l\u2019\u00c9p\u00e9e de l\u00e9gende. Il comprend aussi une minifigurine collector de la princesse Zelda et trois versions de la minifigurine de Link.<\/p>\n<p>    Pour aller plus loin<\/p>\n<p>                <img decoding=\"async\" width=\"87\" height=\"87\" loading=\"lazy\" alt=\"Source : Nintendo\" title=\"Source : Nintendo\" class=\"placeholder-default wp-image\" src=\"https:\/\/www.europesays.com\/fr\/wp-content\/uploads\/2025\/12\/zelda-200x200.jpg\" \/>            <\/p>\n<p>\u00c0 ce prix, ce Lego Zelda est-il une bonne affaire ?<\/p>\n<p>C\u2019est une petite r\u00e9duction bonne \u00e0 prendre si vous aviez pr\u00e9vu de le glisser sous le sapin pour vous ou vos futurs h\u00e9ritiers. Ce Lego inclut deux versions du V\u00e9n\u00e9rable arbre Mojo : une de l\u2019\u00e9pisode Ocarina of Time et l\u2019autre de Breath of the Wild. Chaque version poss\u00e8de des traits mobiles et des panneaux lat\u00e9raux accessibles. Le premier mesure plus de 33 cm de haut, tandis que le second mesure plus de 31 cm de haut, pour un total de 2 500 pi\u00e8ces.<\/p>\n<p>            <img decoding=\"async\" src=\"https:\/\/www.europesays.com\/fr\/wp-content\/uploads\/2025\/04\/iPhone-16-pro.png\" alt=\"Toute l'actu tech en un clien d'oeil\"\/><\/p>\n<p class=\"card-install-pwa__title\">Toute l&rsquo;actu tech en un clin d&rsquo;\u0153il<\/p>\n<p class=\"card-install-pwa__description\">Ajoutez Numerama \u00e0 votre \u00e9cran d&rsquo;accueil et restez connect\u00e9s au futur !<\/p>\n<p>            <img decoding=\"async\" src=\"https:\/\/www.numerama.com\/wp-content\/themes\/numerama-next\/assets\/images\/premium\/logo-card-pwa-coupe.svg\" alt=\"Logo PWA\"\/><\/p>\n<p>       Installer Numerama<\/p>\n","protected":false},"excerpt":{"rendered":"[Deal du jour] Sorti il y a plus d\u2019un an, le set Lego The Legend of Zelda fait&hellip;\n","protected":false},"author":2,"featured_media":589662,"comment_status":"","ping_status":"","sticky":false,"template":"","format":"standard","meta":{"footnotes":""},"categories":[7],"tags":[677,2938,1011,27,14812,43,40,41,39,42,44,29714],"class_list":{"0":"post-589661","1":"post","2":"type-post","3":"status-publish","4":"format-standard","5":"has-post-thumbnail","7":"category-sciences-et-technologies","8":"tag-bons-plans","9":"tag-bons-plans-gaming","10":"tag-fr","11":"tag-france","12":"tag-lego","13":"tag-science","14":"tag-science-and-technology","15":"tag-sciences","16":"tag-sciences-et-technologies","17":"tag-technologies","18":"tag-technology","19":"tag-the-legend-of-zelda"},"share_on_mastodon":{"url":"https:\/\/pubeurope.com\/@fr\/115692751962267320","error":""},"_links":{"self":[{"href":"https:\/\/www.europesays.com\/fr\/wp-json\/wp\/v2\/posts\/589661","targetHints":{"allow":["GET"]}}],"collection":[{"href":"https:\/\/www.europesays.com\/fr\/wp-json\/wp\/v2\/posts"}],"about":[{"href":"https:\/\/www.europesays.com\/fr\/wp-json\/wp\/v2\/types\/post"}],"author":[{"embeddable":true,"href":"https:\/\/www.europesays.com\/fr\/wp-json\/wp\/v2\/users\/2"}],"replies":[{"embeddable":true,"href":"https:\/\/www.europesays.com\/fr\/wp-json\/wp\/v2\/comments?post=589661"}],"version-history":[{"count":0,"href":"https:\/\/www.europesays.com\/fr\/wp-json\/wp\/v2\/posts\/589661\/revisions"}],"wp:featuredmedia":[{"embeddable":true,"href":"https:\/\/www.europesays.com\/fr\/wp-json\/wp\/v2\/media\/589662"}],"wp:attachment":[{"href":"https:\/\/www.europesays.com\/fr\/wp-json\/wp\/v2\/media?parent=589661"}],"wp:term":[{"taxonomy":"category","embeddable":true,"href":"https:\/\/www.europesays.com\/fr\/wp-json\/wp\/v2\/categories?post=589661"},{"taxonomy":"post_tag","embeddable":true,"href":"https:\/\/www.europesays.com\/fr\/wp-json\/wp\/v2\/tags?post=589661"}],"curies":[{"name":"wp","href":"https:\/\/api.w.org\/{rel}","templated":true}]}}