{"id":589665,"date":"2025-12-10T01:48:15","date_gmt":"2025-12-10T01:48:15","guid":{"rendered":"https:\/\/www.europesays.com\/fr\/589665\/"},"modified":"2025-12-10T01:48:15","modified_gmt":"2025-12-10T01:48:15","slug":"les-deputes-appeles-a-voter-une-loi-qui-pourrait-reduire-drastiquement-la-peine-de-prison-de-bolsonaro","status":"publish","type":"post","link":"https:\/\/www.europesays.com\/fr\/589665\/","title":{"rendered":"les d\u00e9put\u00e9s appel\u00e9s \u00e0 voter une loi qui pourrait r\u00e9duire drastiquement la peine de prison de Bolsonaro"},"content":{"rendered":"<p>\n    \u00abBolsonaro verra sa peine r\u00e9duite de vingt-sept ans et trois mois \u00e0 environ deux ans et quatre mois de prison\u00bb, a indiqu\u00e9 le rapporteur du projet, le d\u00e9put\u00e9 Paulinho da For\u00e7a, dans une vid\u00e9o.<\/p>\n<p class=\"fig-paragraph\">Les d\u00e9put\u00e9s br\u00e9siliens sont appel\u00e9s mardi \u00e0 voter un projet de loi qui pourrait r\u00e9duire \u00e0 un peu plus de deux ans la peine de l&rsquo;ancien pr\u00e9sident\u00a0<a href=\"http:\/\/www.lefigaro.fr\/international\/bresil-flavio-bolsonaro-fils-aine-de-l-ancien-dirigeant-dechu-affirme-que-son-pere-l-a-designe-comme-son-successeur-politique-20251205\" data-fig-type=\"NewsFlash\" data-gtm-custom-categorie=\"navigation\" data-gtm-custom-action=\"crossclick\" data-gtm-custom-label=\"Contextuel\" data-gtm-event=\"customEventSPE\" data-fig-domain=\"LEFIGARO\" target=\"_blank\" rel=\"noopener\">Jair Bolsonaro<\/a>, condamn\u00e9 \u00e0 27 ans de prison pour\u00a0<a href=\"http:\/\/www.lefigaro.fr\/international\/bresil-l-ex-president-bolsonaro-depose-un-recours-en-nullite-de-sa-condamnation-a-27-ans-de-prison-20251129\" data-fig-type=\"NewsFlash\" data-gtm-custom-categorie=\"navigation\" data-gtm-custom-action=\"crossclick\" data-gtm-custom-label=\"Contextuel\" data-gtm-event=\"customEventSPE\" data-fig-domain=\"LEFIGARO\" target=\"_blank\" rel=\"noopener\">coup d&rsquo;\u00c9tat<\/a>. \u00abAujourd&rsquo;hui \u00e0 18h (21h GMT) commence le vote\u00bb d&rsquo;un projet de loi selon lequel, s&rsquo;il est approuv\u00e9 par les deux chambres, \u00abBolsonaro verra sa peine r\u00e9duite de vingt-sept ans et trois mois \u00e0 environ deux ans et quatre mois de prison\u00bb, a indiqu\u00e9 le rapporteur du projet, le d\u00e9put\u00e9 Paulinho da For\u00e7a, dans une vid\u00e9o envoy\u00e9e \u00e0 l&rsquo;AFP.<\/p>\n<p class=\"fig-paragraph\">Le projet de loi, qui n&rsquo;a pas encore \u00e9t\u00e9 d\u00e9battu au S\u00e9nat, accorderait \u00e9galement une libert\u00e9 conditionnelle \u00e0 une centaine de partisans de l&rsquo;ex-pr\u00e9sident d&rsquo;extr\u00eame droite (2019-2022), condamn\u00e9s pour l&rsquo;assaut contre les si\u00e8ges des pouvoirs \u00e0 Brasilia le 8 janvier 2023, quelques jours apr\u00e8s l\u2019investiture de l\u2019actuel pr\u00e9sident Luis Inacio Lula da Silva. Jair Bolsonaro, 70 ans, a \u00e9t\u00e9 condamn\u00e9 en septembre pour tentative de coup d\u2019\u00c9tat contre Lula apr\u00e8s avoir perdu les \u00e9lections en 2022. Fin novembre, il a commenc\u00e9 \u00e0 purger sa peine dans des locaux de la police \u00e0 Brasilia.<\/p>\n<p>                                            <a class=\"fig-a11y-skip\" href=\"#fig-a11y-skip-main-inarticle\" data-module=\"a11y-skip\" data-context=\"was @visible\"><br \/>\n    Passer la publicit\u00e9<br \/>\n<\/a>            <\/p>\n<p>                                            <strong>\u00abToute loi doit \u00eatre g\u00e9n\u00e9rale\u00bb<\/strong><\/p>\n<p class=\"fig-paragraph\">L\u2019opposition de droite \u00e0 la Chambre des d\u00e9put\u00e9s qui, depuis le d\u00e9but de la l\u00e9gislature, milite en faveur d\u2019une loi d\u2019amnistie pour Bolsonaro, a salu\u00e9 la mise \u00e0 l\u2019ordre du jour du projet de loi. \u00abComme nous n\u2019avons pas r\u00e9ussi \u00e0 cr\u00e9er l\u2019environnement politique et \u00e0 obtenir les votes n\u00e9cessaires pour voter l\u2019amnistie, la premi\u00e8re \u00e9tape pour atteindre notre objectif sera la r\u00e9duction des peines\u00bb, a d\u00e9clar\u00e9 le d\u00e9put\u00e9 leader de l\u2019opposition, Sostenes Cavalcante, lors d\u2019une conf\u00e9rence de presse.<\/p>\n<p class=\"fig-paragraph\">Le projet de loi entend r\u00e9duire de mani\u00e8re significative les peines de prison pour divers d\u00e9lits, dont celui de tentative de coup d\u2019\u00c9tat. Le parti de la gauche au pouvoir a de son c\u00f4t\u00e9 qualifi\u00e9 l\u2019initiative parlementaire d\u2019\u00abinacceptable\u00bb. \u00abToute loi doit \u00eatre g\u00e9n\u00e9rale. Nous faisons clairement une loi sp\u00e9cifique pour b\u00e9n\u00e9ficier \u00e0 Bolsonaro\u00bb, a d\u00e9clar\u00e9 le d\u00e9put\u00e9 leader de la majorit\u00e9, Lindbergh Farias. Si la loi est approuv\u00e9e par les deux chambres, la d\u00e9cision finale sur les dur\u00e9es de peines reviendra \u00e0 la Cour supr\u00eame.<\/p>\n","protected":false},"excerpt":{"rendered":"\u00abBolsonaro verra sa peine r\u00e9duite de vingt-sept ans et trois mois \u00e0 environ deux ans et quatre mois&hellip;\n","protected":false},"author":2,"featured_media":589666,"comment_status":"","ping_status":"","sticky":false,"template":"","format":"standard","meta":{"footnotes":""},"categories":[5],"tags":[11,2548,423,1011,27,14,35977,12,806,28],"class_list":{"0":"post-589665","1":"post","2":"type-post","3":"status-publish","4":"format-standard","5":"has-post-thumbnail","7":"category-international","8":"tag-actualites","9":"tag-bresil","10":"tag-deputes","11":"tag-fr","12":"tag-france","13":"tag-international","14":"tag-jair-bolsonaro","15":"tag-news","16":"tag-prison","17":"tag-world"},"share_on_mastodon":{"url":"https:\/\/pubeurope.com\/@fr\/115692758966904226","error":""},"_links":{"self":[{"href":"https:\/\/www.europesays.com\/fr\/wp-json\/wp\/v2\/posts\/589665","targetHints":{"allow":["GET"]}}],"collection":[{"href":"https:\/\/www.europesays.com\/fr\/wp-json\/wp\/v2\/posts"}],"about":[{"href":"https:\/\/www.europesays.com\/fr\/wp-json\/wp\/v2\/types\/post"}],"author":[{"embeddable":true,"href":"https:\/\/www.europesays.com\/fr\/wp-json\/wp\/v2\/users\/2"}],"replies":[{"embeddable":true,"href":"https:\/\/www.europesays.com\/fr\/wp-json\/wp\/v2\/comments?post=589665"}],"version-history":[{"count":0,"href":"https:\/\/www.europesays.com\/fr\/wp-json\/wp\/v2\/posts\/589665\/revisions"}],"wp:featuredmedia":[{"embeddable":true,"href":"https:\/\/www.europesays.com\/fr\/wp-json\/wp\/v2\/media\/589666"}],"wp:attachment":[{"href":"https:\/\/www.europesays.com\/fr\/wp-json\/wp\/v2\/media?parent=589665"}],"wp:term":[{"taxonomy":"category","embeddable":true,"href":"https:\/\/www.europesays.com\/fr\/wp-json\/wp\/v2\/categories?post=589665"},{"taxonomy":"post_tag","embeddable":true,"href":"https:\/\/www.europesays.com\/fr\/wp-json\/wp\/v2\/tags?post=589665"}],"curies":[{"name":"wp","href":"https:\/\/api.w.org\/{rel}","templated":true}]}}